{"id":6985,"date":"2007-03-20T00:00:00","date_gmt":"2007-03-20T03:00:00","guid":{"rendered":"https:\/\/crea-mt.org.br\/portal\/conselho-gestor-do-mt-floresta-traca-diretrizes-para-2007\/"},"modified":"2007-03-20T00:00:00","modified_gmt":"2007-03-20T03:00:00","slug":"conselho-gestor-do-mt-floresta-traca-diretrizes-para-2007","status":"publish","type":"post","link":"https:\/\/www.crea-mt.org.br\/portal\/conselho-gestor-do-mt-floresta-traca-diretrizes-para-2007\/","title":{"rendered":"Conselho gestor do MT Floresta tra\u00e7a diretrizes para 2007"},"content":{"rendered":"<p>Fonte:Secom<\/p>\n<p>Secom <\/p>\n<p>O Conselho Gestor do Fundo de Desenvolvimento Florestal do Estado &#8211; MT Floresta &#8211; se re\u00fane pela primeira vez com a presen\u00e7a do seu novo presidente, o Secret\u00e1rio de Estado de Desenvolvimento Rural de Mato Grosso, Neldo Egon Weirich. O objetivo \u00e9 apresentar as diretrizes do conselho ao secret\u00e1rio e, tamb\u00e9m, os 12 conselheiros que o comp\u00f5em. A reuni\u00e3o ser\u00e1 \u00e0s 14 horas de ter\u00e7a-feira (20.03) na sala de reuni\u00f5es da Seder. <\/p>\n<p>De acordo com o superintendente de pol\u00edtica agr\u00edcola da Seder, Rog\u00e9rio Monteiro, tamb\u00e9m ser\u00e1 votada a ata da 7\u00ba Reuni\u00e3o Ordin\u00e1ria do Conselho Gestor, bem como a arrecada\u00e7\u00e3o do MT Floresta em 2006 e o calend\u00e1rio anual de reuni\u00f5es ordin\u00e1rias. <\/p>\n<p>O C\u00f3digo Ambiental e a Lei de Pol\u00edtica Florestal que criou o MT Floresta vigora h\u00e1 um ano em Mato Grosso e \u00e9 uma das mais rigorosas legisla\u00e7\u00f5es ambientais de pa\u00eds. Ele disciplina a extra\u00e7\u00e3o e comercializa\u00e7\u00e3o da madeira no Estado, al\u00e9m da cria\u00e7\u00e3o do Fundo Estadual do Meio Ambiente. <\/p>\n<p>A partir da cria\u00e7\u00e3o do Conselho, todas as atividades de florestamento, reflorestamento, recupera\u00e7\u00e3o de \u00e1reas degradadas e de preserva\u00e7\u00e3o permanente em Mato Grosso est\u00e3o sendo acompanhadas pelos 12 membros do MT Floresta &#8211; que realizou em 2006 sete reuni\u00f5es e a cria\u00e7\u00e3o de cinco grupos de trabalho. <\/p>\n<p>O Conselho Gestor do Fundo de Desenvolvimento Florestal do Estado foi criado por meio da lei complementar n\u00famero 233, de 21 dezembro de 2005. Cabe ele, propor normas e procedimentos para a gest\u00e3o e a aplica\u00e7\u00e3o dos respectivos recursos; definir, mediante crit\u00e9rios t\u00e9cnicos, as a\u00e7\u00f5es e as regi\u00f5es priorit\u00e1rias de desenvolvimento florestal e demais atividades. <\/p>\n","protected":false},"excerpt":{"rendered":"<p>Fonte:Secom Secom O Conselho Gestor do Fundo de Desenvolvimento Florestal do Estado &#8211; MT Floresta &#8211; se re\u00fane pela primeira vez com a presen\u00e7a do seu novo presidente, o Secret\u00e1rio de Estado de Desenvolvimento Rural de Mato Grosso, Neldo Egon Weirich. O objetivo \u00e9 apresentar as diretrizes do conselho ao secret\u00e1rio e, tamb\u00e9m, os 12 [&hellip;]<\/p>\n","protected":false},"author":1,"featured_media":0,"comment_status":"open","ping_status":"open","sticky":false,"template":"","format":"standard","meta":{"footnotes":""},"categories":[1],"tags":[],"class_list":["post-6985","post","type-post","status-publish","format-standard","hentry","category-noticias"],"acf":[],"_links":{"self":[{"href":"https:\/\/www.crea-mt.org.br\/portal\/wp-json\/wp\/v2\/posts\/6985","targetHints":{"allow":["GET"]}}],"collection":[{"href":"https:\/\/www.crea-mt.org.br\/portal\/wp-json\/wp\/v2\/posts"}],"about":[{"href":"https:\/\/www.crea-mt.org.br\/portal\/wp-json\/wp\/v2\/types\/post"}],"author":[{"embeddable":true,"href":"https:\/\/www.crea-mt.org.br\/portal\/wp-json\/wp\/v2\/users\/1"}],"replies":[{"embeddable":true,"href":"https:\/\/www.crea-mt.org.br\/portal\/wp-json\/wp\/v2\/comments?post=6985"}],"version-history":[{"count":0,"href":"https:\/\/www.crea-mt.org.br\/portal\/wp-json\/wp\/v2\/posts\/6985\/revisions"}],"wp:attachment":[{"href":"https:\/\/www.crea-mt.org.br\/portal\/wp-json\/wp\/v2\/media?parent=6985"}],"wp:term":[{"taxonomy":"category","embeddable":true,"href":"https:\/\/www.crea-mt.org.br\/portal\/wp-json\/wp\/v2\/categories?post=6985"},{"taxonomy":"post_tag","embeddable":true,"href":"https:\/\/www.crea-mt.org.br\/portal\/wp-json\/wp\/v2\/tags?post=6985"}],"curies":[{"name":"wp","href":"https:\/\/api.w.org\/{rel}","templated":true}]}}