{"id":6984,"date":"2007-03-20T00:00:00","date_gmt":"2007-03-20T03:00:00","guid":{"rendered":"https:\/\/crea-mt.org.br\/portal\/lula-sanciona-lei-para-contratar-60-controladores-de-voo\/"},"modified":"2007-03-20T00:00:00","modified_gmt":"2007-03-20T03:00:00","slug":"lula-sanciona-lei-para-contratar-60-controladores-de-voo","status":"publish","type":"post","link":"https:\/\/www.crea-mt.org.br\/portal\/lula-sanciona-lei-para-contratar-60-controladores-de-voo\/","title":{"rendered":"Lula sanciona lei para contratar 60 controladores de v\u00f4o"},"content":{"rendered":"<p>Fonte: FolhaNews<\/p>\n<p>Bras\u00edlia, DF &#8211; Em meio ao novo caos nos aeroportos, desde o fim-de-semana, o presidente Luiz In\u00e1cio Lula da Silva sancionou nesta segunda-feira a lei que autorizou o Minist\u00e9rio da Defesa a contratar at\u00e9 60 controladores de v\u00f4os em car\u00e1ter tempor\u00e1rio para suprir a defici\u00eancia de pessoal no setor. Entretanto, como a lei \u00e9 resultante de uma medida provis\u00f3ria que estava em vigor desde novembro do ano passado, a san\u00e7\u00e3o n\u00e3o muda a situa\u00e7\u00e3o do controle de tr\u00e1fego a\u00e9reo no pa\u00eds, uma vez que os 60 controladores j\u00e1 haviam sido contratados pela Aeron\u00e1utica. <\/p>\n<p>A diferen\u00e7a entre o texto sancionado hoje e a medida provis\u00f3ria, est\u00e1 no prazo m\u00e1ximo para a contrata\u00e7\u00e3o. No Congresso Nacional, o per\u00edodo de validade dos contratos tempor\u00e1rios foi ampliado para at\u00e9 dois anos, prorrog\u00e1veis por igual per\u00edodo. A MP definia como prazo m\u00e1ximo para esses contratos dezembro de 2007. O n\u00famero de controladores tempor\u00e1rios, no entanto, foi mantido em 60. <\/p>\n<p>A contrata\u00e7\u00e3o tempor\u00e1ria, por prazo determinado, de pessoal &#8220;imprescind\u00edvel ao controle do tr\u00e1fego a\u00e9reo&#8221;, foi autorizada logo ap\u00f3s o acidente envolvendo com o v\u00f4o 1907 da Gol, que provocou a morte de 154 pessoas, no ano passado. <\/p>\n<p>A lei autorizou a contrata\u00e7\u00e3o dos 60 controladores que refor\u00e7am o trabalho de monitoramento do espa\u00e7o a\u00e9reo brasileiro por meio de processo seletivo simplificado, an\u00e1lise de curriculum vitae ou not\u00f3ria capacidade t\u00e9cnica profissional. <\/p>\n<p>Para a constitui\u00e7\u00e3o de quadros definitivos, o Comando da Aeron\u00e1utica est\u00e1 realizando um concurso p\u00fablico para a contrata\u00e7\u00e3o de 64 civis (em fase final) e para o custo de forma\u00e7\u00e3o de 160 sargentos na modalidade especial, que atuar\u00e3o na atividade de controle do espa\u00e7o a\u00e9reo. A expectativa \u00e9 a de que esses novos controladores estejam preparados para trabalhar no in\u00edcio de 2008. <\/p>\n","protected":false},"excerpt":{"rendered":"<p>Fonte: FolhaNews Bras\u00edlia, DF &#8211; Em meio ao novo caos nos aeroportos, desde o fim-de-semana, o presidente Luiz In\u00e1cio Lula da Silva sancionou nesta segunda-feira a lei que autorizou o Minist\u00e9rio da Defesa a contratar at\u00e9 60 controladores de v\u00f4os em car\u00e1ter tempor\u00e1rio para suprir a defici\u00eancia de pessoal no setor. Entretanto, como a lei [&hellip;]<\/p>\n","protected":false},"author":1,"featured_media":0,"comment_status":"open","ping_status":"open","sticky":false,"template":"","format":"standard","meta":{"footnotes":""},"categories":[1],"tags":[],"class_list":["post-6984","post","type-post","status-publish","format-standard","hentry","category-noticias"],"acf":[],"_links":{"self":[{"href":"https:\/\/www.crea-mt.org.br\/portal\/wp-json\/wp\/v2\/posts\/6984","targetHints":{"allow":["GET"]}}],"collection":[{"href":"https:\/\/www.crea-mt.org.br\/portal\/wp-json\/wp\/v2\/posts"}],"about":[{"href":"https:\/\/www.crea-mt.org.br\/portal\/wp-json\/wp\/v2\/types\/post"}],"author":[{"embeddable":true,"href":"https:\/\/www.crea-mt.org.br\/portal\/wp-json\/wp\/v2\/users\/1"}],"replies":[{"embeddable":true,"href":"https:\/\/www.crea-mt.org.br\/portal\/wp-json\/wp\/v2\/comments?post=6984"}],"version-history":[{"count":0,"href":"https:\/\/www.crea-mt.org.br\/portal\/wp-json\/wp\/v2\/posts\/6984\/revisions"}],"wp:attachment":[{"href":"https:\/\/www.crea-mt.org.br\/portal\/wp-json\/wp\/v2\/media?parent=6984"}],"wp:term":[{"taxonomy":"category","embeddable":true,"href":"https:\/\/www.crea-mt.org.br\/portal\/wp-json\/wp\/v2\/categories?post=6984"},{"taxonomy":"post_tag","embeddable":true,"href":"https:\/\/www.crea-mt.org.br\/portal\/wp-json\/wp\/v2\/tags?post=6984"}],"curies":[{"name":"wp","href":"https:\/\/api.w.org\/{rel}","templated":true}]}}