{"id":6983,"date":"2007-03-20T00:00:00","date_gmt":"2007-03-20T03:00:00","guid":{"rendered":"https:\/\/crea-mt.org.br\/portal\/bancos-devem-ser-impedidos-de-cobrar-taxa-de-conta-sem-movimentacao\/"},"modified":"2007-03-20T00:00:00","modified_gmt":"2007-03-20T03:00:00","slug":"bancos-devem-ser-impedidos-de-cobrar-taxa-de-conta-sem-movimentacao","status":"publish","type":"post","link":"https:\/\/www.crea-mt.org.br\/portal\/bancos-devem-ser-impedidos-de-cobrar-taxa-de-conta-sem-movimentacao\/","title":{"rendered":"Bancos devem ser impedidos de cobrar taxa de conta sem movimenta\u00e7\u00e3o"},"content":{"rendered":"<p>Fonte:Folhanews<\/p>\n<p>At\u00e9 o final deste ano os bancos dever\u00e3o ser obrigados a modificar a forma como encerram as contas e cobram taxas de contas sem movimenta\u00e7\u00e3o. Pelas regras discutidas nas entidades de defesa do consumidor as institui\u00e7\u00f5es ter\u00e3o de suspender, depois de seis meses que a conta n\u00e3o registrar movimenta\u00e7\u00e3o, as taxas ou encargos sobre o saldo devedor. <\/p>\n<p>A medida \u00e9 uma forma de acabar com as constantes brigas entre clientes e bancos nas entidades de defesa do consumidor. <\/p>\n<p>Pelas novas regras, o banco ter\u00e1, depois de tr\u00eas meses sem movimenta\u00e7\u00e3o da conta, comunicar o cliente de que a conta est\u00e1 aberta e sobre ela est\u00e3o sendo cobradas as taxas. Ap\u00f3s seis, al\u00e9m de suspender as taxas, o banco poder\u00e1 como op\u00e7\u00e3o tornar a conta paralisada, e comunicar ao cliente que a conta pode ser encerrada no prazo de 30 dias. <\/p>\n<p>No momento do fechamento da contam o banco deve apresentar ao correntista um demonstrativo dos compromissos pendentes relativos \u00e0 conta e o cliente deve manter na conta fundos suficientes para arcar com seus compromissos. <\/p>\n<p>O esclarecimento das novas regras, aos bancos e aos clientes, deve ser feito nos pr\u00f3ximos meses pela Febraban (Federa\u00e7\u00e3o Brasileira dos Bancos) e pelas entidades de defesa do consumidor, entre elas o DPDC (Departamento de Prote\u00e7\u00e3o e Defesa do Consumidor), do Minist\u00e9rio da Justi\u00e7a. <\/p>\n","protected":false},"excerpt":{"rendered":"<p>Fonte:Folhanews At\u00e9 o final deste ano os bancos dever\u00e3o ser obrigados a modificar a forma como encerram as contas e cobram taxas de contas sem movimenta\u00e7\u00e3o. Pelas regras discutidas nas entidades de defesa do consumidor as institui\u00e7\u00f5es ter\u00e3o de suspender, depois de seis meses que a conta n\u00e3o registrar movimenta\u00e7\u00e3o, as taxas ou encargos sobre [&hellip;]<\/p>\n","protected":false},"author":1,"featured_media":0,"comment_status":"open","ping_status":"open","sticky":false,"template":"","format":"standard","meta":{"footnotes":""},"categories":[1],"tags":[],"class_list":["post-6983","post","type-post","status-publish","format-standard","hentry","category-noticias"],"acf":[],"_links":{"self":[{"href":"https:\/\/www.crea-mt.org.br\/portal\/wp-json\/wp\/v2\/posts\/6983","targetHints":{"allow":["GET"]}}],"collection":[{"href":"https:\/\/www.crea-mt.org.br\/portal\/wp-json\/wp\/v2\/posts"}],"about":[{"href":"https:\/\/www.crea-mt.org.br\/portal\/wp-json\/wp\/v2\/types\/post"}],"author":[{"embeddable":true,"href":"https:\/\/www.crea-mt.org.br\/portal\/wp-json\/wp\/v2\/users\/1"}],"replies":[{"embeddable":true,"href":"https:\/\/www.crea-mt.org.br\/portal\/wp-json\/wp\/v2\/comments?post=6983"}],"version-history":[{"count":0,"href":"https:\/\/www.crea-mt.org.br\/portal\/wp-json\/wp\/v2\/posts\/6983\/revisions"}],"wp:attachment":[{"href":"https:\/\/www.crea-mt.org.br\/portal\/wp-json\/wp\/v2\/media?parent=6983"}],"wp:term":[{"taxonomy":"category","embeddable":true,"href":"https:\/\/www.crea-mt.org.br\/portal\/wp-json\/wp\/v2\/categories?post=6983"},{"taxonomy":"post_tag","embeddable":true,"href":"https:\/\/www.crea-mt.org.br\/portal\/wp-json\/wp\/v2\/tags?post=6983"}],"curies":[{"name":"wp","href":"https:\/\/api.w.org\/{rel}","templated":true}]}}