{"id":6982,"date":"2007-03-20T00:00:00","date_gmt":"2007-03-20T03:00:00","guid":{"rendered":"https:\/\/crea-mt.org.br\/portal\/sociedade-civil-pressiona-pela-criacao-do-conselho-gestor-de-projeto-na-br-163\/"},"modified":"2007-03-20T00:00:00","modified_gmt":"2007-03-20T03:00:00","slug":"sociedade-civil-pressiona-pela-criacao-do-conselho-gestor-de-projeto-na-br-163","status":"publish","type":"post","link":"https:\/\/www.crea-mt.org.br\/portal\/sociedade-civil-pressiona-pela-criacao-do-conselho-gestor-de-projeto-na-br-163\/","title":{"rendered":"Sociedade civil pressiona pela cria\u00e7\u00e3o do conselho gestor de projeto na BR-163"},"content":{"rendered":"<p>Fonte: Radiobr\u00e1s <\/p>\n<p>Na \u00faltima quarta-feira (14), as 50 organiza\u00e7\u00f5es da sociedade civil que formam o Cons\u00f3rcio pelo Desenvolvimento Socioambiental da BR 163 (Condessa) enviaram carta aberta ao presidente da Rep\u00fablica, a 19 ministros de Estado e aos governadores do Mato-Grosso, Par\u00e1 e Amazonas, reivindicando a instala\u00e7\u00e3o do conselho gestor que far\u00e1 o acompanhamento da implanta\u00e7\u00e3o do &#8220;Plano BR 163 Sustent\u00e1vel&#8221;.<\/p>\n<p>O governo federal pretende completar a pavimenta\u00e7\u00e3o da rodovia, no trecho que liga Cuiab\u00e1 (MT) a Santar\u00e9m (PA).  A obra \u00e9 considerada estrat\u00e9gica para escoamento da produ\u00e7\u00e3o agr\u00edcola e o desenvolvimento econ\u00f4mico da regi\u00e3o.  Na tentativa de evitar que o asfaltamento se tornasse um mero vetor de devasta\u00e7\u00e3o da floresta, foi criado pelo governo um projeto maior, envolvendo uma s\u00e9rie de iniciativas nas \u00e1reas social e ambiental, definidas ap\u00f3s debates com a sociedade civil da regi\u00e3o.<\/p>\n<p>&#8220;A instala\u00e7\u00e3o do conselho \u00e9 que implementa o modelo de gest\u00e3o do Plano BR 163 Sustent\u00e1vel&#8221;, afirma o secret\u00e1rio-executivo do Condessa, Luiz Augusto Mesquita de Azevedo.  As entidades consorciadas querem tamb\u00e9m estabelecer um programa or\u00e7ament\u00e1rio, cronograma e metas para execu\u00e7\u00e3o do plano.<\/p>\n<p>Conforme as organiza\u00e7\u00f5es, o funcionamento do Conselho Gestor viabiliza maior participa\u00e7\u00e3o social.  &#8220;L\u00e1 \u00e9 onde se d\u00e1 a interlocu\u00e7\u00e3o direta com a sociedade civil.  \u00c9 l\u00e1 onde podemos dizer quais s\u00e3o as prioridades e mostrar experi\u00eancias que podem ser copiadas e disseminadas&#8221;, diz Azevedo, em refer\u00eancia a iniciativas de fomento \u00e0 produ\u00e7\u00e3o sustent\u00e1vel e de manuten\u00e7\u00e3o de unidades de conserva\u00e7\u00e3o, previstas no plano.<\/p>\n<p>Na avalia\u00e7\u00e3o do cons\u00f3rcio, a parceria entre governo e sociedade civil local \u00e9 a grande novidade que traz o empreendimento, &#8220;porque coloca a sociedade civil para discutir um plano de infra-estrutura da Amaz\u00f4nia&#8221;, explica Azevedo.<\/p>\n<p>Entre as demandas da sociedade civil j\u00e1 apresentadas e atendidas est\u00e3o a necessidade de frear a grilagem de terras e garantir a preserva\u00e7\u00e3o ambiental em \u00e1reas de influencia da BR 163.  Ao longo da \u00e1rea de influ\u00eancia da estrada foi criado um mosaico de oito unidades de conserva\u00e7\u00e3o e estabelecidas as \u00e1reas de limita\u00e7\u00e3o administrativa provis\u00f3ria \u00e0s margens da rodovia, onde \u00e9 proibida a venda de terras.<\/p>\n<p>Al\u00e9m da preserva\u00e7\u00e3o ambiental, os movimentos sociais querem se beneficiar do progresso que a pavimenta\u00e7\u00e3o da estrada trar\u00e1 \u00e0 regi\u00e3o.  As entidades reivindicam a recupera\u00e7\u00e3o das pistas e estradas vicinais, eletrifica\u00e7\u00e3o, titula\u00e7\u00e3o de terra e est\u00edmulos para a produ\u00e7\u00e3o de v\u00e1rias culturas, por meio da agricultura familiar e incentivo a cooperativas de pequenos agricultores.<\/p>\n<p>A pavimenta\u00e7\u00e3o da BR 163 aguarda licenciamento do Ibama para in\u00edcio de execu\u00e7\u00e3o.  O decreto criando o Conselho Gestor do Plano BR 163 Sustent\u00e1vel j\u00e1 foi submetido aos minist\u00e9rios envolvidos com a obra e est\u00e1 em an\u00e1lise para reda\u00e7\u00e3o final na Casa Civil da Presid\u00eancia da Rep\u00fablica.<\/p>\n","protected":false},"excerpt":{"rendered":"<p>Fonte: Radiobr\u00e1s Na \u00faltima quarta-feira (14), as 50 organiza\u00e7\u00f5es da sociedade civil que formam o Cons\u00f3rcio pelo Desenvolvimento Socioambiental da BR 163 (Condessa) enviaram carta aberta ao presidente da Rep\u00fablica, a 19 ministros de Estado e aos governadores do Mato-Grosso, Par\u00e1 e Amazonas, reivindicando a instala\u00e7\u00e3o do conselho gestor que far\u00e1 o acompanhamento da implanta\u00e7\u00e3o [&hellip;]<\/p>\n","protected":false},"author":1,"featured_media":0,"comment_status":"open","ping_status":"open","sticky":false,"template":"","format":"standard","meta":{"footnotes":""},"categories":[1],"tags":[],"class_list":["post-6982","post","type-post","status-publish","format-standard","hentry","category-noticias"],"acf":[],"_links":{"self":[{"href":"https:\/\/www.crea-mt.org.br\/portal\/wp-json\/wp\/v2\/posts\/6982","targetHints":{"allow":["GET"]}}],"collection":[{"href":"https:\/\/www.crea-mt.org.br\/portal\/wp-json\/wp\/v2\/posts"}],"about":[{"href":"https:\/\/www.crea-mt.org.br\/portal\/wp-json\/wp\/v2\/types\/post"}],"author":[{"embeddable":true,"href":"https:\/\/www.crea-mt.org.br\/portal\/wp-json\/wp\/v2\/users\/1"}],"replies":[{"embeddable":true,"href":"https:\/\/www.crea-mt.org.br\/portal\/wp-json\/wp\/v2\/comments?post=6982"}],"version-history":[{"count":0,"href":"https:\/\/www.crea-mt.org.br\/portal\/wp-json\/wp\/v2\/posts\/6982\/revisions"}],"wp:attachment":[{"href":"https:\/\/www.crea-mt.org.br\/portal\/wp-json\/wp\/v2\/media?parent=6982"}],"wp:term":[{"taxonomy":"category","embeddable":true,"href":"https:\/\/www.crea-mt.org.br\/portal\/wp-json\/wp\/v2\/categories?post=6982"},{"taxonomy":"post_tag","embeddable":true,"href":"https:\/\/www.crea-mt.org.br\/portal\/wp-json\/wp\/v2\/tags?post=6982"}],"curies":[{"name":"wp","href":"https:\/\/api.w.org\/{rel}","templated":true}]}}