{"id":6977,"date":"2007-03-21T00:00:00","date_gmt":"2007-03-21T03:00:00","guid":{"rendered":"https:\/\/crea-mt.org.br\/portal\/deputados-admitem-que-pl-de-licitacoes-pode-mudar\/"},"modified":"2007-03-21T00:00:00","modified_gmt":"2007-03-21T03:00:00","slug":"deputados-admitem-que-pl-de-licitacoes-pode-mudar","status":"publish","type":"post","link":"https:\/\/www.crea-mt.org.br\/portal\/deputados-admitem-que-pl-de-licitacoes-pode-mudar\/","title":{"rendered":"Deputados admitem que PL de Licita\u00e7\u00f5es pode mudar"},"content":{"rendered":"<p>O preg\u00e3o eletr\u00f4nico n\u00e3o pode ser a modalidade de contrata\u00e7\u00e3o de quaisquer servi\u00e7os de engenharia, arquitetura e agronomia. A afirma\u00e7\u00e3o \u00e9 do presidente do Confea, eng. Marcos T\u00falio de Melo que, na ter\u00e7a-feira, 20\/3, participou de audi\u00eancia p\u00fablica na C\u00e2mara dos Deputados para discutir a nova Lei de Licita\u00e7\u00f5es proposta pelo governo.<\/p>\n<p>A audi\u00eancia foi marcada, a pedido do Confea, pelo deputado Federal Tadeu Filippelli (PMDB\/DF), que preside a Comiss\u00e3o de Trabalho, de Administra\u00e7\u00e3o e de Servi\u00e7os P\u00fablico, respons\u00e1vel pela an\u00e1lise de m\u00e9rito do Projeto de Lei.<\/p>\n<p>Marcos T\u00falio teme que a modalidade simplificada de licita\u00e7\u00e3o &#8211; no caso, o Preg\u00e3o Eletr\u00f4nico &#8211; n\u00e3o seja capaz de assegurar um maior controle dos contratos, colocando em risco n\u00e3o s\u00f3 a qualidade, mas a pr\u00f3pria seguran\u00e7a das obras. &#8220;Para esse tipo de servi\u00e7o, o edital de concorr\u00eancia tradicional \u00e9 importante porque, tecnicamente, n\u00e3o h\u00e1 diferencia\u00e7\u00e3o entre servi\u00e7os comuns e n\u00e3o comuns, no \u00e2mbito da engenharia, da arquitetura e da agronomia&#8221;, explicou aos deputados.<\/p>\n<p>O relator do projeto, deputado Federal M\u00e1rcio Reinaldo Moreira (PP-MG), agradeceu a oportunidade da discuss\u00e3o proporcionada pela audi\u00eancia. Dirigindo-se ao presidente Marcos T\u00falio, disse que &#8220;a exposi\u00e7\u00e3o do tema \u00e9 oportuna no momento em que tomamos informa\u00e7\u00f5es para nortear n\u00e3o s\u00f3 meu parecer, mas tamb\u00e9m a base para emendas dos demais deputados&#8221;, admitindo que o PL pode sofrer modifica\u00e7\u00f5es.<\/p>\n<p>Ao fim da audi\u00eancia p\u00fablica, o presidente do Confea definiu bem a posi\u00e7\u00e3o da entidade e das lideran\u00e7as do sistema: &#8220;Somos totalmente favor\u00e1veis ao Preg\u00e3o Eletr\u00f4nico para compra de comoditties e at\u00e9 praticamos essa modalidade. O que n\u00e3o se pode admitir \u00e9 a utiliza\u00e7\u00e3o do mesmo par\u00e2metro para contrata\u00e7\u00e3o de servi\u00e7os intelectuais&#8221;, observou.<\/p>\n<p>Em outra frente, o Confea obteve, junto ao ministro Paulo Bernardo, do Planejamento, Or\u00e7amento e Gest\u00e3o, o agendamento de uma s\u00e9rie de reuni\u00f5es t\u00e9cnicas entre o governo e lideran\u00e7as da \u00e1rea tecnologia e setor produtivo. A id\u00e9ia \u00e9 elaborar e propor, aos parlamentares, emendas que possam aprimorar o texto do PL durante sua tramita\u00e7\u00e3o no Congresso Nacional.<\/p>\n<p>Fonte:Confea<\/p>\n","protected":false},"excerpt":{"rendered":"<p>O preg\u00e3o eletr\u00f4nico n\u00e3o pode ser a modalidade de contrata\u00e7\u00e3o de quaisquer servi\u00e7os de engenharia, arquitetura e agronomia. A afirma\u00e7\u00e3o \u00e9 do presidente do Confea, eng. Marcos T\u00falio de Melo que, na ter\u00e7a-feira, 20\/3, participou de audi\u00eancia p\u00fablica na C\u00e2mara dos Deputados para discutir a nova Lei de Licita\u00e7\u00f5es proposta pelo governo. A audi\u00eancia foi [&hellip;]<\/p>\n","protected":false},"author":1,"featured_media":0,"comment_status":"open","ping_status":"open","sticky":false,"template":"","format":"standard","meta":{"footnotes":""},"categories":[1],"tags":[],"class_list":["post-6977","post","type-post","status-publish","format-standard","hentry","category-noticias"],"acf":[],"_links":{"self":[{"href":"https:\/\/www.crea-mt.org.br\/portal\/wp-json\/wp\/v2\/posts\/6977","targetHints":{"allow":["GET"]}}],"collection":[{"href":"https:\/\/www.crea-mt.org.br\/portal\/wp-json\/wp\/v2\/posts"}],"about":[{"href":"https:\/\/www.crea-mt.org.br\/portal\/wp-json\/wp\/v2\/types\/post"}],"author":[{"embeddable":true,"href":"https:\/\/www.crea-mt.org.br\/portal\/wp-json\/wp\/v2\/users\/1"}],"replies":[{"embeddable":true,"href":"https:\/\/www.crea-mt.org.br\/portal\/wp-json\/wp\/v2\/comments?post=6977"}],"version-history":[{"count":0,"href":"https:\/\/www.crea-mt.org.br\/portal\/wp-json\/wp\/v2\/posts\/6977\/revisions"}],"wp:attachment":[{"href":"https:\/\/www.crea-mt.org.br\/portal\/wp-json\/wp\/v2\/media?parent=6977"}],"wp:term":[{"taxonomy":"category","embeddable":true,"href":"https:\/\/www.crea-mt.org.br\/portal\/wp-json\/wp\/v2\/categories?post=6977"},{"taxonomy":"post_tag","embeddable":true,"href":"https:\/\/www.crea-mt.org.br\/portal\/wp-json\/wp\/v2\/tags?post=6977"}],"curies":[{"name":"wp","href":"https:\/\/api.w.org\/{rel}","templated":true}]}}