{"id":6976,"date":"2007-03-21T00:00:00","date_gmt":"2007-03-21T03:00:00","guid":{"rendered":"https:\/\/crea-mt.org.br\/portal\/qualidade-do-ar-reune-medicos-engenheiros-e-advogados\/"},"modified":"2007-03-21T00:00:00","modified_gmt":"2007-03-21T03:00:00","slug":"qualidade-do-ar-reune-medicos-engenheiros-e-advogados","status":"publish","type":"post","link":"https:\/\/www.crea-mt.org.br\/portal\/qualidade-do-ar-reune-medicos-engenheiros-e-advogados\/","title":{"rendered":"Qualidade do Ar re\u00fane M\u00e9dicos, Engenheiros e Advogados"},"content":{"rendered":"<p>Qualidade do ar e polui\u00e7\u00e3o em ambientes interiores recebe aten\u00e7\u00e3o especial de profissionais da \u00e1rea da sa\u00fade, engenharia e jur\u00eddica, de 17 de abril a 9 de maio de 2007. O evento &#8220;Curso Multidisciplinar de Qualidade do Ar e Polui\u00e7\u00e3o em Ambientes Interiores: Aspectos T\u00e9cnicos e Efeitos na Sa\u00fade&#8221; \u00e9 uma iniciativa da EPUSP &#8211; Escola Polit\u00e9cnica da USP &#8211; para promover um programa in\u00e9dito, coordenado pelo Programa de Educa\u00e7\u00e3o Continuada &#8211; PECE\/ EPUSP, que pela primeira vez fez parceria com a Faculdade de Medicina da USP.<\/p>\n<p>Dividido em dez m\u00f3dulos de tr\u00eas t\u00f3picos cada, o curso totalizar\u00e1 30 horas com quest\u00f5es como: Aspectos Gerais da Qualidade do Ar, Poluentes Interiores e seu Impacto na Sa\u00fade, Climatiza\u00e7\u00e3o de Ambientes, Sistemas de Distribui\u00e7\u00e3o de Ar no Ambiente, Popula\u00e7\u00f5es de Risco, Aspectos T\u00e9cnicos e Jur\u00eddicos, Cases, dentre outros temas. A coordena\u00e7\u00e3o \u00e9 do engenheiro mec\u00e2nico e Professor Doutor da EPUSP, Arlindo Tribess.<\/p>\n<p>As diferentes abordagens do tema visam esclarecer os diferentes aspectos que envolvem a Qualidade do Ar. O especialista da Nalco &#8211; empresa l\u00edder em tratamento do ar e melhoria de processos -, m\u00e9dico e p\u00f3s-Doutor em imunologia e alergia, Gustavo Silveira Graudenz, abordar\u00e1 os impactos que o assunto gera na sa\u00fade p\u00fablica, assim como os diferentes sistemas de climatiza\u00e7\u00e3o e os fatores da problem\u00e1tica, como: temperatura, poluentes e contamina\u00e7\u00f5es. Sob o olhar jur\u00eddico, o especialista, Dr. Sidney Oliveira, vai expor aos presentes as implica\u00e7\u00f5es jur\u00eddicas ao n\u00e3o cumprimento das normas t\u00e9cnicas e esclarecer quanto ao embasamento jur\u00eddico do assunto.<\/p>\n<p>A gerente T\u00e9cnica da Nalco, Isabelle Ricard apresentar\u00e1 toda a expertise da Companhia em equipamentos, m\u00e9todos, processos e an\u00e1lise de resultados da Qualidade do Ar. A especialista vai alinhar a avalia\u00e7\u00e3o da Qualidade do Ar \u00e0 realidade do mundo comercial ao mundo acad\u00eamico, visando uma interpreta\u00e7\u00e3o esclarecedora.<\/p>\n<p>O curso ser\u00e1 direcionado para os profissionais da \u00e1rea da sa\u00fade, de engenharia de projetos, respons\u00e1veis pelas \u00e1reas da sa\u00fade e higiene ocupacional, manuten\u00e7\u00e3o e facilities em hospitais, edif\u00edcios comerciais, plantas comerciais, entre outros.<\/p>\n<p>Curso Multidisciplinar de Qualidade do Ar e Polui\u00e7\u00e3o em Ambientes Interiores: Aspectos T\u00e9cnicos e Efeitos na Sa\u00fade, dia 17 de abril a 09 de maio de 200, na Escola Polit\u00e9cnica da USP\/ PECE, Edif\u00edcio de Engenharia de Minas e de Petr\u00f3leo, Av. Prof. Mello Moraes, n\u00ba 2373  Cidade Universit\u00e1ria CEP 05508-900  S\u00e3o Paulo  SP. Valor: R$ 500,00. Informa\u00e7\u00f5es e inscri\u00e7\u00f5es: 0800 726 0660  www.pece.org.br<\/p>\n<p>Fonte: Portal Fator Brasil <\/p>\n","protected":false},"excerpt":{"rendered":"<p>Qualidade do ar e polui\u00e7\u00e3o em ambientes interiores recebe aten\u00e7\u00e3o especial de profissionais da \u00e1rea da sa\u00fade, engenharia e jur\u00eddica, de 17 de abril a 9 de maio de 2007. O evento &#8220;Curso Multidisciplinar de Qualidade do Ar e Polui\u00e7\u00e3o em Ambientes Interiores: Aspectos T\u00e9cnicos e Efeitos na Sa\u00fade&#8221; \u00e9 uma iniciativa da EPUSP &#8211; [&hellip;]<\/p>\n","protected":false},"author":1,"featured_media":0,"comment_status":"open","ping_status":"open","sticky":false,"template":"","format":"standard","meta":{"footnotes":""},"categories":[1],"tags":[],"class_list":["post-6976","post","type-post","status-publish","format-standard","hentry","category-noticias"],"acf":[],"_links":{"self":[{"href":"https:\/\/www.crea-mt.org.br\/portal\/wp-json\/wp\/v2\/posts\/6976","targetHints":{"allow":["GET"]}}],"collection":[{"href":"https:\/\/www.crea-mt.org.br\/portal\/wp-json\/wp\/v2\/posts"}],"about":[{"href":"https:\/\/www.crea-mt.org.br\/portal\/wp-json\/wp\/v2\/types\/post"}],"author":[{"embeddable":true,"href":"https:\/\/www.crea-mt.org.br\/portal\/wp-json\/wp\/v2\/users\/1"}],"replies":[{"embeddable":true,"href":"https:\/\/www.crea-mt.org.br\/portal\/wp-json\/wp\/v2\/comments?post=6976"}],"version-history":[{"count":0,"href":"https:\/\/www.crea-mt.org.br\/portal\/wp-json\/wp\/v2\/posts\/6976\/revisions"}],"wp:attachment":[{"href":"https:\/\/www.crea-mt.org.br\/portal\/wp-json\/wp\/v2\/media?parent=6976"}],"wp:term":[{"taxonomy":"category","embeddable":true,"href":"https:\/\/www.crea-mt.org.br\/portal\/wp-json\/wp\/v2\/categories?post=6976"},{"taxonomy":"post_tag","embeddable":true,"href":"https:\/\/www.crea-mt.org.br\/portal\/wp-json\/wp\/v2\/tags?post=6976"}],"curies":[{"name":"wp","href":"https:\/\/api.w.org\/{rel}","templated":true}]}}