{"id":6974,"date":"2007-03-21T00:00:00","date_gmt":"2007-03-21T03:00:00","guid":{"rendered":"https:\/\/crea-mt.org.br\/portal\/inscricoes-de-trabalhos-tecnicos-da-64a-soeaa-foram-prorrogadas\/"},"modified":"2007-03-21T00:00:00","modified_gmt":"2007-03-21T03:00:00","slug":"inscricoes-de-trabalhos-tecnicos-da-64a-soeaa-foram-prorrogadas","status":"publish","type":"post","link":"https:\/\/www.crea-mt.org.br\/portal\/inscricoes-de-trabalhos-tecnicos-da-64a-soeaa-foram-prorrogadas\/","title":{"rendered":"Inscri\u00e7\u00f5es de Trabalhos T\u00e9cnicos da 64\u00aa SOEAA foram prorrogadas"},"content":{"rendered":"<p>Qualquer profissional das \u00e1reas do Sistema Confea\/Crea poder\u00e1 inscrever seus trabalhos, desde que estes sejam in\u00e9ditos e relacionados ao tema central da 64\u00aa SOEAA: &#8220;Pensar o Brasil. Educar &amp; Inovar: Responsabilidade Social&#8221;. As Comiss\u00f5es Organizadoras da 64\u00aa SOEAA decidiram prorrogar o prazo de inscri\u00e7\u00e3o para o dia 10 de maio de 2007.<\/p>\n<p>Os trabalhos ser\u00e3o divididos em duas categorias: Estudante e Profissional, e ser\u00e3o inscritos atrav\u00e9s do texto integral com at\u00e9 8 p\u00e1ginas, em forma de artigo. Os dez melhores receber\u00e3o pr\u00eamios e ser\u00e3o apresentados por seus autores durante a Semana Oficial.<\/p>\n<p>A Comiss\u00e3o Organizadora da Confer\u00eancia Internacional sobre Engenharia para Energia Sustent\u00e1vel em Pa\u00edses em Desenvolvimento, evento paralelo a SOEAA,  tamb\u00e9m est\u00e1 recebendo trabalhos t\u00e9cnicos. Ser\u00e3o premiados os melhores trabalhos apresentados, e estudantes de engenharia dos pa\u00edses das Am\u00e9ricas ser\u00e3o convidados a ter participa\u00e7\u00e3o efetiva na Confer\u00eancia. Outras informa\u00e7\u00f5es www.febrae.org.br ou pelo telefone: (21) 2507-8017.<\/p>\n<p>Fonte: Crea-RJ<\/p>\n","protected":false},"excerpt":{"rendered":"<p>Qualquer profissional das \u00e1reas do Sistema Confea\/Crea poder\u00e1 inscrever seus trabalhos, desde que estes sejam in\u00e9ditos e relacionados ao tema central da 64\u00aa SOEAA: &#8220;Pensar o Brasil. Educar &amp; Inovar: Responsabilidade Social&#8221;. As Comiss\u00f5es Organizadoras da 64\u00aa SOEAA decidiram prorrogar o prazo de inscri\u00e7\u00e3o para o dia 10 de maio de 2007. Os trabalhos ser\u00e3o [&hellip;]<\/p>\n","protected":false},"author":1,"featured_media":0,"comment_status":"open","ping_status":"open","sticky":false,"template":"","format":"standard","meta":{"footnotes":""},"categories":[1],"tags":[],"class_list":["post-6974","post","type-post","status-publish","format-standard","hentry","category-noticias"],"acf":[],"_links":{"self":[{"href":"https:\/\/www.crea-mt.org.br\/portal\/wp-json\/wp\/v2\/posts\/6974","targetHints":{"allow":["GET"]}}],"collection":[{"href":"https:\/\/www.crea-mt.org.br\/portal\/wp-json\/wp\/v2\/posts"}],"about":[{"href":"https:\/\/www.crea-mt.org.br\/portal\/wp-json\/wp\/v2\/types\/post"}],"author":[{"embeddable":true,"href":"https:\/\/www.crea-mt.org.br\/portal\/wp-json\/wp\/v2\/users\/1"}],"replies":[{"embeddable":true,"href":"https:\/\/www.crea-mt.org.br\/portal\/wp-json\/wp\/v2\/comments?post=6974"}],"version-history":[{"count":0,"href":"https:\/\/www.crea-mt.org.br\/portal\/wp-json\/wp\/v2\/posts\/6974\/revisions"}],"wp:attachment":[{"href":"https:\/\/www.crea-mt.org.br\/portal\/wp-json\/wp\/v2\/media?parent=6974"}],"wp:term":[{"taxonomy":"category","embeddable":true,"href":"https:\/\/www.crea-mt.org.br\/portal\/wp-json\/wp\/v2\/categories?post=6974"},{"taxonomy":"post_tag","embeddable":true,"href":"https:\/\/www.crea-mt.org.br\/portal\/wp-json\/wp\/v2\/tags?post=6974"}],"curies":[{"name":"wp","href":"https:\/\/api.w.org\/{rel}","templated":true}]}}