{"id":6971,"date":"2007-03-21T00:00:00","date_gmt":"2007-03-21T03:00:00","guid":{"rendered":"https:\/\/crea-mt.org.br\/portal\/confea-marca-presenca-em-audiencia-publica-no-senado\/"},"modified":"2007-03-21T00:00:00","modified_gmt":"2007-03-21T03:00:00","slug":"confea-marca-presenca-em-audiencia-publica-no-senado","status":"publish","type":"post","link":"https:\/\/www.crea-mt.org.br\/portal\/confea-marca-presenca-em-audiencia-publica-no-senado\/","title":{"rendered":"Confea marca presen\u00e7a em audi\u00eancia p\u00fablica no Senado"},"content":{"rendered":"<p>A participa\u00e7\u00e3o do Confea na audi\u00eancia p\u00fablica realizada ontem, 20\/3, na Subcomiss\u00e3o do Trabalho e Previd\u00eancia do Senado, foi not\u00edcia na Ag\u00eancia Senado. O Conselho manifestou-se contr\u00e1rio \u00e0 contrata\u00e7\u00e3o de 600 engenheiros e t\u00e9cnicos chineses pela Companhia Sider\u00fargica do Atl\u00e2ntico (CSA), que est\u00e1 sendo instalada no munic\u00edpio de Santa Cruz, RJ. Em sua edi\u00e7\u00e3o de ontem, mat\u00e9ria sob o t\u00edtulo &#8220;Confea manifesta-se contra contrata\u00e7\u00e3o de engenheiros chineses no Brasil&#8221; abordou os argumentos defendidos pelo conselho.<\/p>\n<p>Fonte: Confea<\/p>\n","protected":false},"excerpt":{"rendered":"<p>A participa\u00e7\u00e3o do Confea na audi\u00eancia p\u00fablica realizada ontem, 20\/3, na Subcomiss\u00e3o do Trabalho e Previd\u00eancia do Senado, foi not\u00edcia na Ag\u00eancia Senado. O Conselho manifestou-se contr\u00e1rio \u00e0 contrata\u00e7\u00e3o de 600 engenheiros e t\u00e9cnicos chineses pela Companhia Sider\u00fargica do Atl\u00e2ntico (CSA), que est\u00e1 sendo instalada no munic\u00edpio de Santa Cruz, RJ. Em sua edi\u00e7\u00e3o de [&hellip;]<\/p>\n","protected":false},"author":1,"featured_media":0,"comment_status":"open","ping_status":"open","sticky":false,"template":"","format":"standard","meta":{"footnotes":""},"categories":[1],"tags":[],"class_list":["post-6971","post","type-post","status-publish","format-standard","hentry","category-noticias"],"acf":[],"_links":{"self":[{"href":"https:\/\/www.crea-mt.org.br\/portal\/wp-json\/wp\/v2\/posts\/6971","targetHints":{"allow":["GET"]}}],"collection":[{"href":"https:\/\/www.crea-mt.org.br\/portal\/wp-json\/wp\/v2\/posts"}],"about":[{"href":"https:\/\/www.crea-mt.org.br\/portal\/wp-json\/wp\/v2\/types\/post"}],"author":[{"embeddable":true,"href":"https:\/\/www.crea-mt.org.br\/portal\/wp-json\/wp\/v2\/users\/1"}],"replies":[{"embeddable":true,"href":"https:\/\/www.crea-mt.org.br\/portal\/wp-json\/wp\/v2\/comments?post=6971"}],"version-history":[{"count":0,"href":"https:\/\/www.crea-mt.org.br\/portal\/wp-json\/wp\/v2\/posts\/6971\/revisions"}],"wp:attachment":[{"href":"https:\/\/www.crea-mt.org.br\/portal\/wp-json\/wp\/v2\/media?parent=6971"}],"wp:term":[{"taxonomy":"category","embeddable":true,"href":"https:\/\/www.crea-mt.org.br\/portal\/wp-json\/wp\/v2\/categories?post=6971"},{"taxonomy":"post_tag","embeddable":true,"href":"https:\/\/www.crea-mt.org.br\/portal\/wp-json\/wp\/v2\/tags?post=6971"}],"curies":[{"name":"wp","href":"https:\/\/api.w.org\/{rel}","templated":true}]}}