{"id":6969,"date":"2007-03-21T00:00:00","date_gmt":"2007-03-21T03:00:00","guid":{"rendered":"https:\/\/crea-mt.org.br\/portal\/lula-deve-anunciar-hoje-stephanes-para-pasta-da-agricultura\/"},"modified":"2007-03-21T00:00:00","modified_gmt":"2007-03-21T03:00:00","slug":"lula-deve-anunciar-hoje-stephanes-para-pasta-da-agricultura","status":"publish","type":"post","link":"https:\/\/www.crea-mt.org.br\/portal\/lula-deve-anunciar-hoje-stephanes-para-pasta-da-agricultura\/","title":{"rendered":"Lula deve anunciar hoje Stephanes para pasta da Agricultura"},"content":{"rendered":"<p>Fonte:Folha Online<\/p>\n<p>O presidente Luiz In\u00e1cio Lula da Silva deve anunciar nesta quarta-feira o nome do deputado federal Reinhold Stephanes (PMDB-PR) para o Minist\u00e9rio da Agricultura.<\/p>\n<p>Lula se reuniu na noite de anteontem, por mais de uma hora, com o presidente do PMDB, deputado Michel Temer (SP), e com o l\u00edder do partido na C\u00e2mara, deputado Henrique Eduardo Alves (PMDB-RN).<\/p>\n<p>Os peemedebistas apresentaram a Lula uma nova lista com sete nomes do partido cotados para assumir a pasta. Na lista, al\u00e9m de Stephanes, est\u00e3o Waldemir Moka (PMDB-MS), Tadeu Filippelli (PMDB-DF), Eun\u00edcio Oliveira (PMDB-CE), Fernando Diniz (PMDB-MG), Valdir Colato (PMDB-SC) e Moacir Micheletto (PR).<\/p>\n<p>O cargo ficou em aberto depois que o deputado Od\u00edlio Balbinotti (PMDB-PR) desistiu de ocupar a pasta em meio a den\u00fancias de falsidade ideol\u00f3gica e d\u00edvidas agr\u00edcolas n\u00e3o quitadas com o Banco do Brasil.<\/p>\n<p>&#8220;Viemos comunicar oficialmente ao presidente a decis\u00e3o do deputado Balbinotti. Reapresentamos a lista e o presidente disse que vai decidir quem \u00e9 [o novo ministro]&#8221;, afirmou Temer.<\/p>\n<p>Depois que Balbinotti desistiu da pasta em meio \u00e0 avalanche de den\u00fancias contra o deputado, os peemedebistas foram cautelosos na escolha dos nomes. &#8220;Nas indaga\u00e7\u00f5es que fizemos, todos est\u00e3o despreocupados em rela\u00e7\u00e3o a isso [den\u00fancias]. A decis\u00e3o agora \u00e9 do presidente&#8221;, afirmou o peemedebista.<\/p>\n<p>O presidente do PMDB disse que Lula lamentou a desist\u00eancia de Balbinotti, uma vez que tinha se identificado com o parlamentar.<\/p>\n","protected":false},"excerpt":{"rendered":"<p>Fonte:Folha Online O presidente Luiz In\u00e1cio Lula da Silva deve anunciar nesta quarta-feira o nome do deputado federal Reinhold Stephanes (PMDB-PR) para o Minist\u00e9rio da Agricultura. Lula se reuniu na noite de anteontem, por mais de uma hora, com o presidente do PMDB, deputado Michel Temer (SP), e com o l\u00edder do partido na C\u00e2mara, [&hellip;]<\/p>\n","protected":false},"author":1,"featured_media":0,"comment_status":"open","ping_status":"open","sticky":false,"template":"","format":"standard","meta":{"footnotes":""},"categories":[1],"tags":[],"class_list":["post-6969","post","type-post","status-publish","format-standard","hentry","category-noticias"],"acf":[],"_links":{"self":[{"href":"https:\/\/www.crea-mt.org.br\/portal\/wp-json\/wp\/v2\/posts\/6969","targetHints":{"allow":["GET"]}}],"collection":[{"href":"https:\/\/www.crea-mt.org.br\/portal\/wp-json\/wp\/v2\/posts"}],"about":[{"href":"https:\/\/www.crea-mt.org.br\/portal\/wp-json\/wp\/v2\/types\/post"}],"author":[{"embeddable":true,"href":"https:\/\/www.crea-mt.org.br\/portal\/wp-json\/wp\/v2\/users\/1"}],"replies":[{"embeddable":true,"href":"https:\/\/www.crea-mt.org.br\/portal\/wp-json\/wp\/v2\/comments?post=6969"}],"version-history":[{"count":0,"href":"https:\/\/www.crea-mt.org.br\/portal\/wp-json\/wp\/v2\/posts\/6969\/revisions"}],"wp:attachment":[{"href":"https:\/\/www.crea-mt.org.br\/portal\/wp-json\/wp\/v2\/media?parent=6969"}],"wp:term":[{"taxonomy":"category","embeddable":true,"href":"https:\/\/www.crea-mt.org.br\/portal\/wp-json\/wp\/v2\/categories?post=6969"},{"taxonomy":"post_tag","embeddable":true,"href":"https:\/\/www.crea-mt.org.br\/portal\/wp-json\/wp\/v2\/tags?post=6969"}],"curies":[{"name":"wp","href":"https:\/\/api.w.org\/{rel}","templated":true}]}}