{"id":6968,"date":"2007-03-21T00:00:00","date_gmt":"2007-03-21T03:00:00","guid":{"rendered":"https:\/\/crea-mt.org.br\/portal\/acessibilidade-seminario-discute-reducao-das-barreiras-arquitetonicas-a-pessoas-com-deficiencia\/"},"modified":"2007-03-21T00:00:00","modified_gmt":"2007-03-21T03:00:00","slug":"acessibilidade-seminario-discute-reducao-das-barreiras-arquitetonicas-a-pessoas-com-deficiencia","status":"publish","type":"post","link":"https:\/\/www.crea-mt.org.br\/portal\/acessibilidade-seminario-discute-reducao-das-barreiras-arquitetonicas-a-pessoas-com-deficiencia\/","title":{"rendered":"ACESSIBILIDADE-Semin\u00e1rio discute redu\u00e7\u00e3o das barreiras arquitet\u00f4nicas a pessoas com defici\u00eancia"},"content":{"rendered":"<p>A Associa\u00e7\u00e3o dos Engenheiros, Arquitetos e T\u00e9cnicos de V\u00e1rzea Grande (AEVAG) realiza nos dias 22 e 23 de mar\u00e7o, o 1\u00ba Semin\u00e1rio T\u00e9cnico da AEVAG com o tema &#8220;Acessibilidade &#8211; Redu\u00e7\u00e3o das barreiras arquitet\u00f4nicas&#8221;. O evento ocorrer\u00e1 das 19h \u00e0s 22h nos dois dias, no audit\u00f3rio da AMEC-Unic, Campus de V\u00e1rzea Grande.<\/p>\n<p>O evento contar\u00e1 com palestras tem\u00e1ticas, enfocando a Lei Federal 10.098\/00 e o Decreto Federal 5.296\/04 que d\u00e3o prioridade de atendimento \u00e0s pessoas com defici\u00eancia f\u00edsica e estabelecem normas gerais e crit\u00e9rios b\u00e1sicos para a promo\u00e7\u00e3o da acessibilidade das pessoas com mobilidade reduzida.<\/p>\n<p>Os principais enfoques do semin\u00e1rio ser\u00e3o, a facilita\u00e7\u00e3o do acesso aos portadores de necessidades especiais e \u00e0s pessoas da terceira idade; a legisla\u00e7\u00e3o aplic\u00e1vel, bem como as Normas T\u00e9cnicas para aplica\u00e7\u00e3o; o mercado de trabalho que se abre para os profissionais; os projetos do Governo Federal para o tema al\u00e9m da vis\u00e3o do Poder Judici\u00e1rio,  em busca do cumprimento da Legisla\u00e7\u00e3o.<\/p>\n<p>O evento nacional tem a finalidade de analisar os obst\u00e1culos e avan\u00e7os da legisla\u00e7\u00e3o que entra em vigor no in\u00edcio de abril, al\u00e9m de ampliar a capacidade de participa\u00e7\u00e3o em torno da dignidade, dos direitos e da igualdade de oportunidades levando a todos um novo paradigma de respeito \u00e0s diferen\u00e7as. <\/p>\n<p>Tamb\u00e9m participam como parceiros desse evento o Conselho Regional de Engenharia, Arquitetura e Agronomia de Mato Grosso (Crea-MT), a Prefeitura Municipal de V\u00e1rzea Grande, Minist\u00e9rio P\u00fablico Estadual ,o Guia Pr\u00e1tico de Profissionais e Empresas da Engenharia, Arquitetura e Agronomia.<br \/>\nCONFIRA A PROGRAMA\u00c7\u00c3O COMPLETA DO EVENTO:<\/p>\n<p>Dia: 22\/03 (Quinta-feira)<br \/>\n19h &#8211; Abertura<br \/>\n19h30 &#8211; Palestra: Programa Brasileiro de Mobilidade Urbana &#8211; Brasil Acess\u00edvel<br \/>\nPalestrante: Diretor de Mobilidade Urbana do Minist\u00e9rio das Cidades &#8211; Renato Boareto.<br \/>\n21h &#8211; Coffe Break<br \/>\n21h15_ Manual de Vias P\u00fablicas: Cal\u00e7adas como instrumento para melhoria da Acessibilidade urbana.<br \/>\nPalestrante: Arquiteta Adriana Bussiki<br \/>\n21h45 &#8211; Palestra: Medidas para o cumprimento da Legisla\u00e7\u00e3o no munic\u00edpio.<br \/>\nPalestrante: Prefeitura de V\u00e1rzea Grande<br \/>\n22h &#8211; Encerramento<\/p>\n<p>Dia 23\/03 (Sexta-feira)<br \/>\n19h &#8211; Palestra: O que o Brasil espera dos seus t\u00e9cnicos: o conhecimento, a causa e o efeito.<br \/>\nPalestrante: Engenheiro Civil Aroldo Abussafi Figueir\u00f3, Vice-presidente do CREA-MS.<br \/>\n20h30 &#8211; Coffe Break<br \/>\n20h45 &#8211; Espa\u00e7o aberto para perguntas objetivando debate ao palestrante.<br \/>\n22h &#8211; Encerramento<\/p>\n<p>Informa\u00e7\u00f5es 3682-1592 \/33153034<\/p>\n<p>*Rafaela Maximiano<br \/>\nAssessoria\/Crea-MT<\/p>\n","protected":false},"excerpt":{"rendered":"<p>A Associa\u00e7\u00e3o dos Engenheiros, Arquitetos e T\u00e9cnicos de V\u00e1rzea Grande (AEVAG) realiza nos dias 22 e 23 de mar\u00e7o, o 1\u00ba Semin\u00e1rio T\u00e9cnico da AEVAG com o tema &#8220;Acessibilidade &#8211; Redu\u00e7\u00e3o das barreiras arquitet\u00f4nicas&#8221;. O evento ocorrer\u00e1 das 19h \u00e0s 22h nos dois dias, no audit\u00f3rio da AMEC-Unic, Campus de V\u00e1rzea Grande. O evento contar\u00e1 [&hellip;]<\/p>\n","protected":false},"author":1,"featured_media":0,"comment_status":"open","ping_status":"open","sticky":false,"template":"","format":"standard","meta":{"footnotes":""},"categories":[1],"tags":[],"class_list":["post-6968","post","type-post","status-publish","format-standard","hentry","category-noticias"],"acf":[],"_links":{"self":[{"href":"https:\/\/www.crea-mt.org.br\/portal\/wp-json\/wp\/v2\/posts\/6968","targetHints":{"allow":["GET"]}}],"collection":[{"href":"https:\/\/www.crea-mt.org.br\/portal\/wp-json\/wp\/v2\/posts"}],"about":[{"href":"https:\/\/www.crea-mt.org.br\/portal\/wp-json\/wp\/v2\/types\/post"}],"author":[{"embeddable":true,"href":"https:\/\/www.crea-mt.org.br\/portal\/wp-json\/wp\/v2\/users\/1"}],"replies":[{"embeddable":true,"href":"https:\/\/www.crea-mt.org.br\/portal\/wp-json\/wp\/v2\/comments?post=6968"}],"version-history":[{"count":0,"href":"https:\/\/www.crea-mt.org.br\/portal\/wp-json\/wp\/v2\/posts\/6968\/revisions"}],"wp:attachment":[{"href":"https:\/\/www.crea-mt.org.br\/portal\/wp-json\/wp\/v2\/media?parent=6968"}],"wp:term":[{"taxonomy":"category","embeddable":true,"href":"https:\/\/www.crea-mt.org.br\/portal\/wp-json\/wp\/v2\/categories?post=6968"},{"taxonomy":"post_tag","embeddable":true,"href":"https:\/\/www.crea-mt.org.br\/portal\/wp-json\/wp\/v2\/tags?post=6968"}],"curies":[{"name":"wp","href":"https:\/\/api.w.org\/{rel}","templated":true}]}}