{"id":6966,"date":"2007-03-21T00:00:00","date_gmt":"2007-03-21T03:00:00","guid":{"rendered":"https:\/\/crea-mt.org.br\/portal\/aesa-encontro-discute-solucoes-tecnologicas-para-saneamento-basico\/"},"modified":"2007-03-21T00:00:00","modified_gmt":"2007-03-21T03:00:00","slug":"aesa-encontro-discute-solucoes-tecnologicas-para-saneamento-basico","status":"publish","type":"post","link":"https:\/\/www.crea-mt.org.br\/portal\/aesa-encontro-discute-solucoes-tecnologicas-para-saneamento-basico\/","title":{"rendered":"AESA &#8211; Encontro discute solu\u00e7\u00f5es tecnol\u00f3gicas para saneamento b\u00e1sico"},"content":{"rendered":"<p>A Associa\u00e7\u00e3o dos Engenheiros Sanitaristas\/Ambientalistas de Mato Grosso (AESA-MT), realiza nesta quarta-feira (21.03), \u00e0s 18h30, no plen\u00e1rio do Conselho Regional de Engenharia, Arquitetura e Agronomia de Mato Grosso (Crea-MT), uma palestra de capacita\u00e7\u00e3o t\u00e9cnica de Solu\u00e7\u00f5es em Polietileno de Alta Densidade (PEAD) para a rede de abastecimento de \u00e1gua e esgoto sanit\u00e1rio.<\/p>\n<p>A palestra tem o objetivo de mostrar para os profissionais da \u00e1rea o uso de novos materiais utilizados para a constru\u00e7\u00e3o de sistemas de \u00e1gua e esgoto, e ser\u00e1 proferida por Den\u00edlson Tavares de Macedo, profissional do estado de S\u00e3o Paulo. <\/p>\n<p>No evento ser\u00e3o abordados os seguintes temas: a hist\u00f3ria da empresa Kanaflex (estudo de caso); produtos dispon\u00edveis para infra-estrutura; Associa\u00e7\u00e3o Brasileiras de Tubos Poliolef\u00ednicos e Sistemas; Tubos Kanasan &#8211; tubos corrugados de dupla parede de  PEAD para esgoto, suas caracter\u00edsticas, vantagens, tubos, acess\u00f3rios, m\u00e9todo de instala\u00e7\u00e3o, normas e ensaios; Tubos Kanalise &#8211; tubos lisos de parede maci\u00e7a de PEAD para a rede de \u00e1gua, suas caracter\u00edsticas, vantagens, acess\u00f3rios, m\u00e9todos de instala\u00e7\u00e3o, normas e ensaios.<\/p>\n<p>Os profissionais interessados na palestra dever\u00e3o fazer a pr\u00e9-inscri\u00e7\u00e3o, enviando os dados pela ficha de inscri\u00e7\u00e3o no e-mail: asesa.mt@gmail.com (ficha de inscri\u00e7\u00f5es solicitada no mesmo e-mail), ou pelo telefone 9603-8058.<\/p>\n<p>*Rafaela Maximiano<br \/>\nAssessoria\/Crea-MT<\/p>\n<p>Cristina Cavaleiro<br \/>\nEspecial para o Crea-MT<\/p>\n","protected":false},"excerpt":{"rendered":"<p>A Associa\u00e7\u00e3o dos Engenheiros Sanitaristas\/Ambientalistas de Mato Grosso (AESA-MT), realiza nesta quarta-feira (21.03), \u00e0s 18h30, no plen\u00e1rio do Conselho Regional de Engenharia, Arquitetura e Agronomia de Mato Grosso (Crea-MT), uma palestra de capacita\u00e7\u00e3o t\u00e9cnica de Solu\u00e7\u00f5es em Polietileno de Alta Densidade (PEAD) para a rede de abastecimento de \u00e1gua e esgoto sanit\u00e1rio. A palestra tem [&hellip;]<\/p>\n","protected":false},"author":1,"featured_media":0,"comment_status":"open","ping_status":"open","sticky":false,"template":"","format":"standard","meta":{"footnotes":""},"categories":[1],"tags":[],"class_list":["post-6966","post","type-post","status-publish","format-standard","hentry","category-noticias"],"acf":[],"_links":{"self":[{"href":"https:\/\/www.crea-mt.org.br\/portal\/wp-json\/wp\/v2\/posts\/6966","targetHints":{"allow":["GET"]}}],"collection":[{"href":"https:\/\/www.crea-mt.org.br\/portal\/wp-json\/wp\/v2\/posts"}],"about":[{"href":"https:\/\/www.crea-mt.org.br\/portal\/wp-json\/wp\/v2\/types\/post"}],"author":[{"embeddable":true,"href":"https:\/\/www.crea-mt.org.br\/portal\/wp-json\/wp\/v2\/users\/1"}],"replies":[{"embeddable":true,"href":"https:\/\/www.crea-mt.org.br\/portal\/wp-json\/wp\/v2\/comments?post=6966"}],"version-history":[{"count":0,"href":"https:\/\/www.crea-mt.org.br\/portal\/wp-json\/wp\/v2\/posts\/6966\/revisions"}],"wp:attachment":[{"href":"https:\/\/www.crea-mt.org.br\/portal\/wp-json\/wp\/v2\/media?parent=6966"}],"wp:term":[{"taxonomy":"category","embeddable":true,"href":"https:\/\/www.crea-mt.org.br\/portal\/wp-json\/wp\/v2\/categories?post=6966"},{"taxonomy":"post_tag","embeddable":true,"href":"https:\/\/www.crea-mt.org.br\/portal\/wp-json\/wp\/v2\/tags?post=6966"}],"curies":[{"name":"wp","href":"https:\/\/api.w.org\/{rel}","templated":true}]}}