{"id":6964,"date":"2007-03-22T00:00:00","date_gmt":"2007-03-22T03:00:00","guid":{"rendered":"https:\/\/crea-mt.org.br\/portal\/1-bimestre-registra-perda-de-123-em-mt\/"},"modified":"2007-03-22T00:00:00","modified_gmt":"2007-03-22T03:00:00","slug":"1-bimestre-registra-perda-de-123-em-mt","status":"publish","type":"post","link":"https:\/\/www.crea-mt.org.br\/portal\/1-bimestre-registra-perda-de-123-em-mt\/","title":{"rendered":"1\u00b0 bimestre registra perda de 1,23% em MT"},"content":{"rendered":"<p>Depois do fraco desempenho em janeiro, as exporta\u00e7\u00f5es mato-grossenses voltaram a apresentar queda no m\u00eas passado e fecharam o primeiro bimestre com recuo de 1,23% em rela\u00e7\u00e3o a igual per\u00edodo de 2006. <\/p>\n<p>N\u00fameros divulgados ontem pela Federa\u00e7\u00e3o das Ind\u00fastrias do Estado (Fiemt) mostram que as vendas estaduais passaram de US$ 256,06 milh\u00f5es, em janeiro, para US$ 245,99 milh\u00f5es, no m\u00eas passado. No acumulado do 1\u00ba bimestre, as exporta\u00e7\u00f5es em 2007 somam US$ 502,06 milh\u00f5es, contra US$ 508,31 milh\u00f5es no mesmo per\u00edodo do ano anterior. <\/p>\n<p>As importa\u00e7\u00f5es atingiram a cifra de US$ 94 milh\u00f5es, com crescimento de 103,65% em rela\u00e7\u00e3o aos dois primeiros meses do ano passado, quando o montante das compras totalizou US$ 46,16 milh\u00f5es. <\/p>\n<p>A balan\u00e7a comercial (exporta\u00e7\u00f5es menos importa\u00e7\u00f5es) fechou negativa em 11,70%, com US$ 408,05 milh\u00f5es, contra US$ 462,15 milh\u00f5es do ano anterior. O interc\u00e2mbio comercial (somat\u00f3ria das compras e vendas externas) atingiu US$ 596,06 milh\u00f5es, com incremento de 7,50% em rela\u00e7\u00e3o a 2006, quando os n\u00fameros fecharam em US$ 554,46 milh\u00f5es. <\/p>\n<p>A soja manteve a dianteira da pauta mato-grossenses, com volume comercializado de US$ 264,82 milh\u00f5es em gr\u00e3os, farelo, \u00f3leo e lecitina. A participa\u00e7\u00e3o total deste setor no volume total das exporta\u00e7\u00f5es foi de 52,75%. <\/p>\n<p>O produto que registrou o melhor desempenho, em percentual, foi a carne su\u00edna, que teve incremento de 2.081%. As vendas passaram de US$ 394,91 mil para US$ 8,61 milh\u00f5es. <\/p>\n<p>O item com o pior desempenho foi o arroz (-99,82%), cujas vendas despencaram de US$ 400 mil para US$ 732 no per\u00edodo. <\/p>\n<p>O presidente em exerc\u00edcio da Fiemt, Jandir Milan, atribui o fraco desempenho das exporta\u00e7\u00f5es \u00e0 reten\u00e7\u00e3o da soja pelas tradings e \u00e0s &#8220;trapalhadas&#8221; do governo federal na \u00e1rea do c\u00e2mbio, o que levou os produtores a optar pelo mercado interno. &#8220;Este problema [do c\u00e2mbio] acabou por fragilizar alguns exportadores e, com isso, tivemos um crescimento bem abaixo do esperado neste primeiro bimestre&#8221;, avalia Milan. <\/p>\n<p>Ele acredita que a partir de mar\u00e7o as exporta\u00e7\u00f5es sofrer\u00e3o forte impulso, em fun\u00e7\u00e3o da safra de soja que come\u00e7a a ser embarcada para o mercado externo. &#8220;Tivemos um come\u00e7o de ano at\u00edpico, devido ao atraso nos embarques. Boa parte da produ\u00e7\u00e3o j\u00e1 foi comercializada, est\u00e1 nas m\u00e3os das tradings, mas a documenta\u00e7\u00e3o junto \u00e0 Receita Federal ainda est\u00e1 sendo processada. Esta produ\u00e7\u00e3o s\u00f3 vai aparecer quando passar pela Receita&#8221;, explica o coordenador do Centro Internacional de Neg\u00f3cios (CIN) da Fiemt, \u00c9merson Moura. <\/p>\n<p>Na opini\u00e3o de Jandir Milan, a produ\u00e7\u00e3o ainda n\u00e3o foi embarcada porque os exportadores aguardam uma melhora dos pre\u00e7os na Bolsa de Chicago (EUA). &#8220;Quando esta produ\u00e7\u00e3o for embarcada, as nossas exporta\u00e7\u00f5es dar\u00e3o um salto extraordin\u00e1rio&#8221;, cr\u00ea. <\/p>\n<p>RANKING &#8211; Apesar do discreto resultado das exporta\u00e7\u00f5es, Mato Grosso manteve a 10\u00aa coloca\u00e7\u00e3o no ranking dos maiores exportadores brasileiros, atr\u00e1s de S\u00e3o Paulo, Minas Gerais, Rio Grande do Sul, Rio de Janeiro, Paran\u00e1, Bahia, Esp\u00edrito Santo, Par\u00e1 e Santa Catarina. <\/p>\n<p>Na regi\u00e3o Centro-Oeste, Mato Grosso mant\u00e9m a lideran\u00e7a, seguido de Goi\u00e1s, com exporta\u00e7\u00f5es de US$ 250,58 milh\u00f5es, Mato grosso do Sul (US$ 119,93 milh\u00f5es) e, Distrito Federal, US$ 9,31 milh\u00f5es. <\/p>\n<p>Fonte:Di\u00e1rio de Cuiab\u00e1<\/p>\n","protected":false},"excerpt":{"rendered":"<p>Depois do fraco desempenho em janeiro, as exporta\u00e7\u00f5es mato-grossenses voltaram a apresentar queda no m\u00eas passado e fecharam o primeiro bimestre com recuo de 1,23% em rela\u00e7\u00e3o a igual per\u00edodo de 2006. N\u00fameros divulgados ontem pela Federa\u00e7\u00e3o das Ind\u00fastrias do Estado (Fiemt) mostram que as vendas estaduais passaram de US$ 256,06 milh\u00f5es, em janeiro, para [&hellip;]<\/p>\n","protected":false},"author":1,"featured_media":0,"comment_status":"open","ping_status":"open","sticky":false,"template":"","format":"standard","meta":{"footnotes":""},"categories":[1],"tags":[],"class_list":["post-6964","post","type-post","status-publish","format-standard","hentry","category-noticias"],"acf":[],"_links":{"self":[{"href":"https:\/\/www.crea-mt.org.br\/portal\/wp-json\/wp\/v2\/posts\/6964","targetHints":{"allow":["GET"]}}],"collection":[{"href":"https:\/\/www.crea-mt.org.br\/portal\/wp-json\/wp\/v2\/posts"}],"about":[{"href":"https:\/\/www.crea-mt.org.br\/portal\/wp-json\/wp\/v2\/types\/post"}],"author":[{"embeddable":true,"href":"https:\/\/www.crea-mt.org.br\/portal\/wp-json\/wp\/v2\/users\/1"}],"replies":[{"embeddable":true,"href":"https:\/\/www.crea-mt.org.br\/portal\/wp-json\/wp\/v2\/comments?post=6964"}],"version-history":[{"count":0,"href":"https:\/\/www.crea-mt.org.br\/portal\/wp-json\/wp\/v2\/posts\/6964\/revisions"}],"wp:attachment":[{"href":"https:\/\/www.crea-mt.org.br\/portal\/wp-json\/wp\/v2\/media?parent=6964"}],"wp:term":[{"taxonomy":"category","embeddable":true,"href":"https:\/\/www.crea-mt.org.br\/portal\/wp-json\/wp\/v2\/categories?post=6964"},{"taxonomy":"post_tag","embeddable":true,"href":"https:\/\/www.crea-mt.org.br\/portal\/wp-json\/wp\/v2\/tags?post=6964"}],"curies":[{"name":"wp","href":"https:\/\/api.w.org\/{rel}","templated":true}]}}