{"id":6963,"date":"2007-03-22T00:00:00","date_gmt":"2007-03-22T03:00:00","guid":{"rendered":"https:\/\/crea-mt.org.br\/portal\/tendencia-e-exportacao-crescer-em-ritmo-menor\/"},"modified":"2007-03-22T00:00:00","modified_gmt":"2007-03-22T03:00:00","slug":"tendencia-e-exportacao-crescer-em-ritmo-menor","status":"publish","type":"post","link":"https:\/\/www.crea-mt.org.br\/portal\/tendencia-e-exportacao-crescer-em-ritmo-menor\/","title":{"rendered":"Tend\u00eancia \u00e9 exporta\u00e7\u00e3o crescer em ritmo menor"},"content":{"rendered":"<p>Com o d\u00f3lar mantendo tend\u00eancia de baixa e o crescente interesse dos investidores pelo etanol e biodiesel, a perspectiva \u00e9 de que as exporta\u00e7\u00f5es mato-grossenses de produtos prim\u00e1rios continuem crescendo menos em rela\u00e7\u00e3o aos \u00edndices apurados de anos anteriores. <\/p>\n<p>Segundo o presidente em exerc\u00edcio da Federa\u00e7\u00e3o das Ind\u00fastrias do Estado (Fiemt), Jandir Milan, produtos como soja, algod\u00e3o, couro, carne e at\u00e9 madeira poder\u00e3o ser comercializados em maior escala para o mercado interno. <\/p>\n<p>O principal motivo \u00e9 o c\u00e2mbio, que est\u00e1 desestimulando os exportadores. Outra raz\u00e3o \u00e9 a abertura de usinas para produ\u00e7\u00e3o de etanol e biodiesel no Brasil, que ir\u00e3o demandar um grande consumo de mat\u00e9ria-prima que hoje est\u00e1 sendo exportada para outros pa\u00edses. <\/p>\n<p>&#8220;Se o mercado interno pagar mais, os produtores dar\u00e3o prefer\u00eancia por vender seus produtos aqui mesmo [no Brasil]. Al\u00e9m de agregarmos valores \u00e0 produ\u00e7\u00e3o e gerarmos mais empregos, vamos incrementar tamb\u00e9m a arrecada\u00e7\u00e3o, j\u00e1 que nas vendas internas os produtos n\u00e3o est\u00e3o desonerados do pagamento do Imposto sobre Circula\u00e7\u00e3o de Mercadorias e Servi\u00e7os (ICMS). <\/p>\n<p>Um dos exemplo citados por Jandir Milan \u00e9 o couro, cujas exporta\u00e7\u00f5es tiveram queda de 34,45% no primeiro bimestre do ano. &#8220;80% da produ\u00e7\u00e3o sai em forma de wet-blue (semi-industrializado) e apenas 20% ficam no mercado interno. A tend\u00eancia \u00e9 de que os n\u00fameros se invertam por causa dos pre\u00e7os&#8221;. <\/p>\n<p>O mesmo pode ocorrer em rela\u00e7\u00e3o ao algod\u00e3o, que teve queda de 34,95%, e madeira (crescimento de 39,71%.(MM)<br \/>\nFonte:Di\u00e1rio de Cuiab\u00e1<\/p>\n","protected":false},"excerpt":{"rendered":"<p>Com o d\u00f3lar mantendo tend\u00eancia de baixa e o crescente interesse dos investidores pelo etanol e biodiesel, a perspectiva \u00e9 de que as exporta\u00e7\u00f5es mato-grossenses de produtos prim\u00e1rios continuem crescendo menos em rela\u00e7\u00e3o aos \u00edndices apurados de anos anteriores. Segundo o presidente em exerc\u00edcio da Federa\u00e7\u00e3o das Ind\u00fastrias do Estado (Fiemt), Jandir Milan, produtos como [&hellip;]<\/p>\n","protected":false},"author":1,"featured_media":0,"comment_status":"open","ping_status":"open","sticky":false,"template":"","format":"standard","meta":{"footnotes":""},"categories":[1],"tags":[],"class_list":["post-6963","post","type-post","status-publish","format-standard","hentry","category-noticias"],"acf":[],"_links":{"self":[{"href":"https:\/\/www.crea-mt.org.br\/portal\/wp-json\/wp\/v2\/posts\/6963","targetHints":{"allow":["GET"]}}],"collection":[{"href":"https:\/\/www.crea-mt.org.br\/portal\/wp-json\/wp\/v2\/posts"}],"about":[{"href":"https:\/\/www.crea-mt.org.br\/portal\/wp-json\/wp\/v2\/types\/post"}],"author":[{"embeddable":true,"href":"https:\/\/www.crea-mt.org.br\/portal\/wp-json\/wp\/v2\/users\/1"}],"replies":[{"embeddable":true,"href":"https:\/\/www.crea-mt.org.br\/portal\/wp-json\/wp\/v2\/comments?post=6963"}],"version-history":[{"count":0,"href":"https:\/\/www.crea-mt.org.br\/portal\/wp-json\/wp\/v2\/posts\/6963\/revisions"}],"wp:attachment":[{"href":"https:\/\/www.crea-mt.org.br\/portal\/wp-json\/wp\/v2\/media?parent=6963"}],"wp:term":[{"taxonomy":"category","embeddable":true,"href":"https:\/\/www.crea-mt.org.br\/portal\/wp-json\/wp\/v2\/categories?post=6963"},{"taxonomy":"post_tag","embeddable":true,"href":"https:\/\/www.crea-mt.org.br\/portal\/wp-json\/wp\/v2\/tags?post=6963"}],"curies":[{"name":"wp","href":"https:\/\/api.w.org\/{rel}","templated":true}]}}