{"id":6962,"date":"2007-03-22T00:00:00","date_gmt":"2007-03-22T03:00:00","guid":{"rendered":"https:\/\/crea-mt.org.br\/portal\/crescimento-acima-de-100-ano-a-ano\/"},"modified":"2007-03-22T00:00:00","modified_gmt":"2007-03-22T03:00:00","slug":"crescimento-acima-de-100-ano-a-ano","status":"publish","type":"post","link":"https:\/\/www.crea-mt.org.br\/portal\/crescimento-acima-de-100-ano-a-ano\/","title":{"rendered":"Crescimento acima de 100% ano a ano"},"content":{"rendered":"<p>O Porto Seco de Cuiab\u00e1, localizado no Distrito Industrial, desde sua cria\u00e7\u00e3o em 2003, tem registrado um crescimento acima de 100% ao ano nas opera\u00e7\u00f5es de importa\u00e7\u00e3o e exporta\u00e7\u00e3o no Estado. A informa\u00e7\u00e3o \u00e9 do diretor-presidente da Esta\u00e7\u00e3o Aduaneira do Interior (Eadi), Francisco Almeida, que recebeu a visita do Secret\u00e1rio de Estado de Ind\u00fastria, Com\u00e9rcio, Minas e Energia, Alexandre Furlan, nesta semana. Conforme o diretor, apenas no m\u00eas de mar\u00e7o, o Porto Seco registrou uma movimenta\u00e7\u00e3o financeira de US$ 20 milh\u00f5es. &#8220;O contribuinte mato-grossense e at\u00e9 mesmo empresas de fora do Estado j\u00e1 tem confian\u00e7a no Sistema de Importa\u00e7\u00e3o e Exporta\u00e7\u00e3o via Porto Seco&#8221;, afirma Francisco Almeida. <\/p>\n<p>Segundo dados do Porto Seco, em 2003 a EADI mato-grossense registrou uma movimenta\u00e7\u00e3o financeira de US$ 346 mil, em 2004 foram US$ 18 milh\u00f5es, 2005 US$ 28 milh\u00f5es e em 2006 foram movimentados US$ 72 milh\u00f5es. &#8220;Esses n\u00fameros comprovam que o Porto Seco \u00e9 uma alavanca para o desenvolvimento do Estado, pois al\u00e9m de atender \u00e0s empresas com benef\u00edcio fiscal, a Esta\u00e7\u00e3o tamb\u00e9m atende ind\u00fastrias que est\u00e3o se instalando aqui&#8221;, acrescenta Almeida. <\/p>\n<p>Fonte:Di\u00e1rio de Cuiab\u00e1<\/p>\n","protected":false},"excerpt":{"rendered":"<p>O Porto Seco de Cuiab\u00e1, localizado no Distrito Industrial, desde sua cria\u00e7\u00e3o em 2003, tem registrado um crescimento acima de 100% ao ano nas opera\u00e7\u00f5es de importa\u00e7\u00e3o e exporta\u00e7\u00e3o no Estado. A informa\u00e7\u00e3o \u00e9 do diretor-presidente da Esta\u00e7\u00e3o Aduaneira do Interior (Eadi), Francisco Almeida, que recebeu a visita do Secret\u00e1rio de Estado de Ind\u00fastria, Com\u00e9rcio, [&hellip;]<\/p>\n","protected":false},"author":1,"featured_media":0,"comment_status":"open","ping_status":"open","sticky":false,"template":"","format":"standard","meta":{"footnotes":""},"categories":[1],"tags":[],"class_list":["post-6962","post","type-post","status-publish","format-standard","hentry","category-noticias"],"acf":[],"_links":{"self":[{"href":"https:\/\/www.crea-mt.org.br\/portal\/wp-json\/wp\/v2\/posts\/6962","targetHints":{"allow":["GET"]}}],"collection":[{"href":"https:\/\/www.crea-mt.org.br\/portal\/wp-json\/wp\/v2\/posts"}],"about":[{"href":"https:\/\/www.crea-mt.org.br\/portal\/wp-json\/wp\/v2\/types\/post"}],"author":[{"embeddable":true,"href":"https:\/\/www.crea-mt.org.br\/portal\/wp-json\/wp\/v2\/users\/1"}],"replies":[{"embeddable":true,"href":"https:\/\/www.crea-mt.org.br\/portal\/wp-json\/wp\/v2\/comments?post=6962"}],"version-history":[{"count":0,"href":"https:\/\/www.crea-mt.org.br\/portal\/wp-json\/wp\/v2\/posts\/6962\/revisions"}],"wp:attachment":[{"href":"https:\/\/www.crea-mt.org.br\/portal\/wp-json\/wp\/v2\/media?parent=6962"}],"wp:term":[{"taxonomy":"category","embeddable":true,"href":"https:\/\/www.crea-mt.org.br\/portal\/wp-json\/wp\/v2\/categories?post=6962"},{"taxonomy":"post_tag","embeddable":true,"href":"https:\/\/www.crea-mt.org.br\/portal\/wp-json\/wp\/v2\/tags?post=6962"}],"curies":[{"name":"wp","href":"https:\/\/api.w.org\/{rel}","templated":true}]}}