{"id":6961,"date":"2007-03-22T00:00:00","date_gmt":"2007-03-22T03:00:00","guid":{"rendered":"https:\/\/crea-mt.org.br\/portal\/comercio-soja-reduz-fatia-nas-exportacoes-de-mt\/"},"modified":"2007-03-22T00:00:00","modified_gmt":"2007-03-22T03:00:00","slug":"comercio-soja-reduz-fatia-nas-exportacoes-de-mt","status":"publish","type":"post","link":"https:\/\/www.crea-mt.org.br\/portal\/comercio-soja-reduz-fatia-nas-exportacoes-de-mt\/","title":{"rendered":"COM\u00c9RCIO-Soja reduz fatia nas exporta\u00e7\u00f5es de MT"},"content":{"rendered":"<p>O complexo soja reduziu a participa\u00e7\u00e3o na pauta de exporta\u00e7\u00e3o de Mato Grosso de 71% em janeiro e fevereiro de 2006 para 52,75% no primeiro bimestre deste ano. Nos dois meses de 2007 as vendas internacionais geraram US$ 264,824 milh\u00f5es em divisas ao Estado, com 1,053 milh\u00e3o toneladas da commodity, ante US$ 360,898 milh\u00f5es no mesmo per\u00edodo do ano anterior, com o embarque de 1,496 milh\u00e3o de toneladas em subprodutos da soja (gr\u00e3o, \u00f3leo, lecitina e farelo), redu\u00e7\u00e3o de 26,62%. Em contrapartida, o milho, madeira e carnes (bovina, su\u00edna e ave) obtiveram melhores resultados nos dois per\u00edodos comparativos e s\u00e3o as grandes apostas para aumentar as exporta\u00e7\u00f5es em 10% em 2007 em rela\u00e7\u00e3o ao ano passado. <\/p>\n<p>A maior utiliza\u00e7\u00e3o do \u00f3leo de soja e gr\u00e3o da oleaginosa para a produ\u00e7\u00e3o de biodiesel e a diversifica\u00e7\u00e3o da pauta dos produtos exportados pelo Estado s\u00e3o apontadas pelo coordenador do Centro Internacional de Neg\u00f3cios (CIN) da Federa\u00e7\u00e3o das Ind\u00fastrias de Mato Grosso (Fiemt), Emerson Moura, como os principais fatores da queda da participa\u00e7\u00e3o da complexo soja na pauta de exporta\u00e7\u00f5es.<\/p>\n<p>Mas com o pico das vendas internacionais em mar\u00e7o, com o final da colheita, os embarques do produto aos destinos finais devem aumentar a participa\u00e7\u00e3o da commodity no ranking de exporta\u00e7\u00e3o do Estado. Em mar\u00e7o do ano passado, o complexo soja atingiu R$ 522,717 milh\u00f5es, o maior valor gerado com as transa\u00e7\u00f5es para fora do pa\u00eds em 2006.<\/p>\n<p>Moura explica que a varia\u00e7\u00e3o negativa de 26,62% da soja tamb\u00e9m se deve ao feriado de Carnaval ter ocorrido no meio do m\u00eas de fevereiro, com 15 dias efetivos de embarques.<\/p>\n<p>A soja em gr\u00e3os obteve o desempenho negativo de 38,43% nos dois primeiros meses deste ano em rela\u00e7\u00e3o ao ano passado, atingindo US$ 152,447 milh\u00f5es, ante US$ 247,592 milh\u00f5es. Foram exportados 37,57% a menos de \u00f3leo de soja, atingindo US$ 13,705 milh\u00f5es contra US$ 21,953 milh\u00f5es em 2006. Em contrapartida, o farelo de soja teve alta de 8,38%, passando de US$ 89,985 milh\u00f5es para US$ 97,528 milh\u00f5es este ano.<\/p>\n<p>Fonte:Gazeta Digital<\/p>\n","protected":false},"excerpt":{"rendered":"<p>O complexo soja reduziu a participa\u00e7\u00e3o na pauta de exporta\u00e7\u00e3o de Mato Grosso de 71% em janeiro e fevereiro de 2006 para 52,75% no primeiro bimestre deste ano. Nos dois meses de 2007 as vendas internacionais geraram US$ 264,824 milh\u00f5es em divisas ao Estado, com 1,053 milh\u00e3o toneladas da commodity, ante US$ 360,898 milh\u00f5es no [&hellip;]<\/p>\n","protected":false},"author":1,"featured_media":0,"comment_status":"open","ping_status":"open","sticky":false,"template":"","format":"standard","meta":{"footnotes":""},"categories":[1],"tags":[],"class_list":["post-6961","post","type-post","status-publish","format-standard","hentry","category-noticias"],"acf":[],"_links":{"self":[{"href":"https:\/\/www.crea-mt.org.br\/portal\/wp-json\/wp\/v2\/posts\/6961","targetHints":{"allow":["GET"]}}],"collection":[{"href":"https:\/\/www.crea-mt.org.br\/portal\/wp-json\/wp\/v2\/posts"}],"about":[{"href":"https:\/\/www.crea-mt.org.br\/portal\/wp-json\/wp\/v2\/types\/post"}],"author":[{"embeddable":true,"href":"https:\/\/www.crea-mt.org.br\/portal\/wp-json\/wp\/v2\/users\/1"}],"replies":[{"embeddable":true,"href":"https:\/\/www.crea-mt.org.br\/portal\/wp-json\/wp\/v2\/comments?post=6961"}],"version-history":[{"count":0,"href":"https:\/\/www.crea-mt.org.br\/portal\/wp-json\/wp\/v2\/posts\/6961\/revisions"}],"wp:attachment":[{"href":"https:\/\/www.crea-mt.org.br\/portal\/wp-json\/wp\/v2\/media?parent=6961"}],"wp:term":[{"taxonomy":"category","embeddable":true,"href":"https:\/\/www.crea-mt.org.br\/portal\/wp-json\/wp\/v2\/categories?post=6961"},{"taxonomy":"post_tag","embeddable":true,"href":"https:\/\/www.crea-mt.org.br\/portal\/wp-json\/wp\/v2\/tags?post=6961"}],"curies":[{"name":"wp","href":"https:\/\/api.w.org\/{rel}","templated":true}]}}