{"id":6959,"date":"2007-03-22T00:00:00","date_gmt":"2007-03-22T03:00:00","guid":{"rendered":"https:\/\/crea-mt.org.br\/portal\/publicada-regulamentacao-para-uso-sustentavel-das-florestas-brasileiras\/"},"modified":"2007-03-22T00:00:00","modified_gmt":"2007-03-22T03:00:00","slug":"publicada-regulamentacao-para-uso-sustentavel-das-florestas-brasileiras","status":"publish","type":"post","link":"https:\/\/www.crea-mt.org.br\/portal\/publicada-regulamentacao-para-uso-sustentavel-das-florestas-brasileiras\/","title":{"rendered":"Publicada regulamenta\u00e7\u00e3o para uso sustent\u00e1vel das florestas brasileiras &#8211;"},"content":{"rendered":"<p>Fonte: Radiobr\u00e1s <\/p>\n<p>Foi publicado hoje (21) no Di\u00e1rio Oficial da Uni\u00e3o o decreto que regulamenta a Lei de Gest\u00e3o de Florestas P\u00fablicas, sancionada h\u00e1 um ano pelo presidente Luiz In\u00e1cio Lula da Silva.<\/p>\n<p>A lei 11.284 trata da destina\u00e7\u00e3o das florestas para o uso sustent\u00e1vel.  Prev\u00ea, por exemplo, a possibilidade de explora\u00e7\u00e3o de madeira, frutas, rem\u00e9dios e outros produtos da floresta amaz\u00f4nica sem preju\u00edzos ao meio ambiente.  Desde o final do ano passado, a regulamenta\u00e7\u00e3o da lei 11.284 estava sendo discutida por representantes do governo e da sociedade civil.<\/p>\n<p>De acordo com a regulamenta\u00e7\u00e3o, nas florestas p\u00fablicas destinadas \u00e0s comunidades locais, somente ser\u00e1 permitida a substitui\u00e7\u00e3o da cobertura vegetal natural por esp\u00e9cies cultiv\u00e1veis quando isso estiver previsto no plano de manejo ou no plano de desenvolvimento do assentamento.  Al\u00e9m disso, a \u00e1rea de substitui\u00e7\u00e3o n\u00e3o pode ser superior a 10% da \u00e1rea total e n\u00e3o pode ultrapassar 12 hectares por unidade familiar.<\/p>\n<p>Para a extra\u00e7\u00e3o dos produtos florestais de uso tradicional e de subsist\u00eancia, as comunidades residentes no interior e no entorno das unidades de conserva\u00e7\u00e3o ter\u00e3o termos de uso especificando prazos, restri\u00e7\u00f5es e responsabilidades pelo manejo das esp\u00e9cies.  Ser\u00e3o realizados estudos t\u00e9cnicos que caracterizem os usu\u00e1rios como comunidades locais para que o termo de uso seja firmado.<\/p>\n<p>O Servi\u00e7o Florestal Brasileiro apoiar\u00e1 a pesquisa e a assist\u00eancia t\u00e9cnica para o desenvolvimento das atividades florestais pelas comunidades locais, inclusive por meio do Fundo Nacional de Desenvolvimento Florestal (FNDF).<\/p>\n<p>O decreto trata tamb\u00e9m do Cadastro Nacional de Florestas P\u00fablicas, que disponibilizar\u00e1 informa\u00e7\u00f5es detalhadas sobre as \u00e1reas de florestas p\u00fablicas do pa\u00eds.  O cadastro ter\u00e1 informa\u00e7\u00f5es sobre florestas p\u00fablicas dos estados, distrito federal e munic\u00edpios e tamb\u00e9m sobre terras ind\u00edgenas.<\/p>\n<p>O Plano Anual de Outorga Florestal, tamb\u00e9m detalhado na regulamenta\u00e7\u00e3o, conter\u00e1 a descri\u00e7\u00e3o de todas as florestas p\u00fablicas que poder\u00e3o ser submetidas a concess\u00e3o naquele ano.  Segundo o Minist\u00e9rio do Meio Ambiente, o objetivo do plano \u00e9 dar mais transpar\u00eancia \u00e0 gest\u00e3o das florestas, j\u00e1 que a sociedade conhecer\u00e1 os processos licitat\u00f3rios com um ano de anteced\u00eancia.<\/p>\n","protected":false},"excerpt":{"rendered":"<p>Fonte: Radiobr\u00e1s Foi publicado hoje (21) no Di\u00e1rio Oficial da Uni\u00e3o o decreto que regulamenta a Lei de Gest\u00e3o de Florestas P\u00fablicas, sancionada h\u00e1 um ano pelo presidente Luiz In\u00e1cio Lula da Silva. A lei 11.284 trata da destina\u00e7\u00e3o das florestas para o uso sustent\u00e1vel. Prev\u00ea, por exemplo, a possibilidade de explora\u00e7\u00e3o de madeira, frutas, [&hellip;]<\/p>\n","protected":false},"author":1,"featured_media":0,"comment_status":"open","ping_status":"open","sticky":false,"template":"","format":"standard","meta":{"footnotes":""},"categories":[1],"tags":[],"class_list":["post-6959","post","type-post","status-publish","format-standard","hentry","category-noticias"],"acf":[],"_links":{"self":[{"href":"https:\/\/www.crea-mt.org.br\/portal\/wp-json\/wp\/v2\/posts\/6959","targetHints":{"allow":["GET"]}}],"collection":[{"href":"https:\/\/www.crea-mt.org.br\/portal\/wp-json\/wp\/v2\/posts"}],"about":[{"href":"https:\/\/www.crea-mt.org.br\/portal\/wp-json\/wp\/v2\/types\/post"}],"author":[{"embeddable":true,"href":"https:\/\/www.crea-mt.org.br\/portal\/wp-json\/wp\/v2\/users\/1"}],"replies":[{"embeddable":true,"href":"https:\/\/www.crea-mt.org.br\/portal\/wp-json\/wp\/v2\/comments?post=6959"}],"version-history":[{"count":0,"href":"https:\/\/www.crea-mt.org.br\/portal\/wp-json\/wp\/v2\/posts\/6959\/revisions"}],"wp:attachment":[{"href":"https:\/\/www.crea-mt.org.br\/portal\/wp-json\/wp\/v2\/media?parent=6959"}],"wp:term":[{"taxonomy":"category","embeddable":true,"href":"https:\/\/www.crea-mt.org.br\/portal\/wp-json\/wp\/v2\/categories?post=6959"},{"taxonomy":"post_tag","embeddable":true,"href":"https:\/\/www.crea-mt.org.br\/portal\/wp-json\/wp\/v2\/tags?post=6959"}],"curies":[{"name":"wp","href":"https:\/\/api.w.org\/{rel}","templated":true}]}}