{"id":6958,"date":"2007-03-22T00:00:00","date_gmt":"2007-03-22T03:00:00","guid":{"rendered":"https:\/\/crea-mt.org.br\/portal\/governo-federal-pode-rever-cronograma-para-usina-no-madeira\/"},"modified":"2007-03-22T00:00:00","modified_gmt":"2007-03-22T03:00:00","slug":"governo-federal-pode-rever-cronograma-para-usina-no-madeira","status":"publish","type":"post","link":"https:\/\/www.crea-mt.org.br\/portal\/governo-federal-pode-rever-cronograma-para-usina-no-madeira\/","title":{"rendered":"Governo Federal pode rever cronograma para Usina no Madeira &#8211;"},"content":{"rendered":"<p>Fonte: Rondonoticias <\/p>\n<p>O ministro de Minas e Energia, Silas Rondeau, admitiu ontem que o governo pode ter que rever o cronograma de licita\u00e7\u00e3o para a primeira usina hidrel\u00e9trica do complexo do rio Madeira (Rond\u00f4nia), caso a licen\u00e7a pr\u00e9via ambiental para o empreendimento n\u00e3o seja liberada at\u00e9 o fim de mar\u00e7o ou in\u00edcio de abril.<\/p>\n<p>O Minist\u00e9rio de Minas e Energia esperava que a licen\u00e7a fosse liberada pelo Ibama (Instituto Brasileiro do Meio Ambiente e dos Recursos Naturais Renov\u00e1veis) at\u00e9 o \u00faltimo dia 15, para leiloar a concess\u00e3o da usina de Santo Ant\u00f4nio (a primeira do complexo) entre junho e julho, mas o \u00f3rg\u00e3o respons\u00e1vel pelo licenciamento ainda n\u00e3o se pronunciou sobre a viabilidade ambiental das usinas.<\/p>\n<p>Rondeau tentou minimizar o impacto desse atraso no PAC (Programa de Acelera\u00e7\u00e3o do Crescimento), lan\u00e7ado pelo governo, mas o fato \u00e9 que as duas usinas s\u00e3o hoje os principais projetos de gera\u00e7\u00e3o de energia hidrel\u00e9trica planejados pelo governo.<\/p>\n<p>&#8220;Um empreendimento como este leva cinco anos para iniciar a motoriza\u00e7\u00e3o [funcionamento de cada turbina] e mais cinco para terminar&#8221;, disse o ministro, ao comentar que por enquanto o atraso em rela\u00e7\u00e3o \u00e0s previs\u00f5es do governo n\u00e3o representa uma diferen\u00e7a cr\u00edtica, e que ele poderia ser compensado no per\u00edodo de motoriza\u00e7\u00e3o das usinas.<\/p>\n<p>Juntas, as duas usinas do complexo dever\u00e3o gerar 6.450 MW.  A primeira, Santo Ant\u00f4nio com 3.150 MW, seria licitada neste ano, e a segunda (Jirau), com 3.300 MW, em 2008.<\/p>\n","protected":false},"excerpt":{"rendered":"<p>Fonte: Rondonoticias O ministro de Minas e Energia, Silas Rondeau, admitiu ontem que o governo pode ter que rever o cronograma de licita\u00e7\u00e3o para a primeira usina hidrel\u00e9trica do complexo do rio Madeira (Rond\u00f4nia), caso a licen\u00e7a pr\u00e9via ambiental para o empreendimento n\u00e3o seja liberada at\u00e9 o fim de mar\u00e7o ou in\u00edcio de abril. O [&hellip;]<\/p>\n","protected":false},"author":1,"featured_media":0,"comment_status":"open","ping_status":"open","sticky":false,"template":"","format":"standard","meta":{"footnotes":""},"categories":[1],"tags":[],"class_list":["post-6958","post","type-post","status-publish","format-standard","hentry","category-noticias"],"acf":[],"_links":{"self":[{"href":"https:\/\/www.crea-mt.org.br\/portal\/wp-json\/wp\/v2\/posts\/6958","targetHints":{"allow":["GET"]}}],"collection":[{"href":"https:\/\/www.crea-mt.org.br\/portal\/wp-json\/wp\/v2\/posts"}],"about":[{"href":"https:\/\/www.crea-mt.org.br\/portal\/wp-json\/wp\/v2\/types\/post"}],"author":[{"embeddable":true,"href":"https:\/\/www.crea-mt.org.br\/portal\/wp-json\/wp\/v2\/users\/1"}],"replies":[{"embeddable":true,"href":"https:\/\/www.crea-mt.org.br\/portal\/wp-json\/wp\/v2\/comments?post=6958"}],"version-history":[{"count":0,"href":"https:\/\/www.crea-mt.org.br\/portal\/wp-json\/wp\/v2\/posts\/6958\/revisions"}],"wp:attachment":[{"href":"https:\/\/www.crea-mt.org.br\/portal\/wp-json\/wp\/v2\/media?parent=6958"}],"wp:term":[{"taxonomy":"category","embeddable":true,"href":"https:\/\/www.crea-mt.org.br\/portal\/wp-json\/wp\/v2\/categories?post=6958"},{"taxonomy":"post_tag","embeddable":true,"href":"https:\/\/www.crea-mt.org.br\/portal\/wp-json\/wp\/v2\/tags?post=6958"}],"curies":[{"name":"wp","href":"https:\/\/api.w.org\/{rel}","templated":true}]}}