{"id":6957,"date":"2007-03-22T00:00:00","date_gmt":"2007-03-22T03:00:00","guid":{"rendered":"https:\/\/crea-mt.org.br\/portal\/juiz-reverte-maior-grilagem-do-pais\/"},"modified":"2007-03-22T00:00:00","modified_gmt":"2007-03-22T03:00:00","slug":"juiz-reverte-maior-grilagem-do-pais","status":"publish","type":"post","link":"https:\/\/www.crea-mt.org.br\/portal\/juiz-reverte-maior-grilagem-do-pais\/","title":{"rendered":"Juiz reverte maior grilagem do Pa\u00eds"},"content":{"rendered":"<p>Fonte: O Estado de S.Paulo <\/p>\n<p>Decis\u00e3o manda desocupar \u00e1rea de 4,7 milh\u00f5es de hectares no Par\u00e1, que corresponde a Holanda e B\u00e9lgica juntas<\/p>\n<p>O juiz federal Herculano Martins Nacif, de Altamira (PA), determinou a imediata desocupa\u00e7\u00e3o da Fazenda Curu\u00e1, de 4,7 milh\u00f5es de hectares, pertencente ao Grupo CR Almeida e apontada pelo Instituto Nacional de Coloniza\u00e7\u00e3o e Reforma Agr\u00e1ria (Incra) como a maior \u00e1rea grilada do Pa\u00eds.  Toda a localidade, situada em sua maior parte na regi\u00e3o conhecida como Terra do Meio, no sudoeste paraense, tem o tamanho da Holanda e da B\u00e9lgica juntas.<\/p>\n<p>Nacif afirma na senten\u00e7a que, al\u00e9m de todos os s\u00f3cios, prepostos e funcion\u00e1rios da Ind\u00fastria, Com\u00e9rcio, Exporta\u00e7\u00e3o e Navega\u00e7\u00e3o Ltda.  (Incenxil), tamb\u00e9m ter\u00e3o de sair da \u00e1rea policiais militares que porventura estejam guarnecendo o im\u00f3vel.  A Incenxil \u00e9 ligada ao grupo do empres\u00e1rio Cec\u00edlio do Rego Almeida e se diz dona das terras.  A Pol\u00edcia Federal deve garantir que a senten\u00e7a seja cumprida.  Caso n\u00e3o obede\u00e7a \u00e0 decis\u00e3o judicial, a empresa pagar\u00e1 multa de R$ 100 mil por dia de descumprimento.<\/p>\n<p>O Instituto Brasileiro do Meio Ambiente e dos Recursos Naturais Renov\u00e1veis (Ibama), que figura no processo, foi proibido pelo juiz de pagar indeniza\u00e7\u00e3o \u00e0 empresa pela desapropria\u00e7\u00e3o.  De acordo com o procurador da Rep\u00fablica em Altamira, Marco Antonio de Almeida, a Incenxil poderia acabar recebendo indeniza\u00e7\u00e3o por uma \u00e1rea pertencente, na sua totalidade, ao Estado do Par\u00e1 e \u00e0 Uni\u00e3o.<\/p>\n<p>Irregularidades<\/p>\n<p>Levantamento realizado pelo Incra constatou que, al\u00e9m de incidir sobre \u00e1rea da reserva extrativista Riozinho do Anfr\u00edsio, a Fazenda Curu\u00e1 est\u00e1 sobreposta a outras \u00e1reas da Uni\u00e3o: duas reservas ind\u00edgenas inteiras (Xipaia e Curuaia), toda a Floresta Nacional de Altamira e 82% da Reserva Ind\u00edgena Ba\u00fa, da tribo caiap\u00f3.<\/p>\n<p>&#8220;O fundado receio de dano de dif\u00edcil repara\u00e7\u00e3o decorre, al\u00e9m do risco de legitimar a &#8216;grilagem&#8217;, da possibilidade de irrevers\u00edvel les\u00e3o ao meio ambiente pelos atuais possuidores, por interm\u00e9dio da extra\u00e7\u00e3o ilegal de madeira ou desmatamentos e queimadas para a cria\u00e7\u00e3o de bovinos&#8221;, explica Almeida.<\/p>\n<p>O advogado Eduardo Toledo, que faz a defesa do Grupo CR Almeida, informou que a decis\u00e3o da Justi\u00e7a de Altamira \u00e9 &#8220;repetitiva&#8221;, pois outra id\u00eantica j\u00e1 havia sido tomada por um outro juiz, de Santar\u00e9m.<\/p>\n<p>&#8220;A empresa j\u00e1 cumpriu a decis\u00e3o anterior&#8221;, resumiu Toledo, acrescentando que a CR Almeida n\u00e3o tem nada a ver com a Incenxil.<\/p>\n<p>&#8220;S\u00e3o coisas diferentes&#8221;, explicou o advogado.  Segundo ele, o v\u00ednculo entre as duas empresas foi estabelecido pelo Minist\u00e9rio P\u00fablico Federal.<\/p>\n","protected":false},"excerpt":{"rendered":"<p>Fonte: O Estado de S.Paulo Decis\u00e3o manda desocupar \u00e1rea de 4,7 milh\u00f5es de hectares no Par\u00e1, que corresponde a Holanda e B\u00e9lgica juntas O juiz federal Herculano Martins Nacif, de Altamira (PA), determinou a imediata desocupa\u00e7\u00e3o da Fazenda Curu\u00e1, de 4,7 milh\u00f5es de hectares, pertencente ao Grupo CR Almeida e apontada pelo Instituto Nacional de [&hellip;]<\/p>\n","protected":false},"author":1,"featured_media":0,"comment_status":"open","ping_status":"open","sticky":false,"template":"","format":"standard","meta":{"footnotes":""},"categories":[1],"tags":[],"class_list":["post-6957","post","type-post","status-publish","format-standard","hentry","category-noticias"],"acf":[],"_links":{"self":[{"href":"https:\/\/www.crea-mt.org.br\/portal\/wp-json\/wp\/v2\/posts\/6957","targetHints":{"allow":["GET"]}}],"collection":[{"href":"https:\/\/www.crea-mt.org.br\/portal\/wp-json\/wp\/v2\/posts"}],"about":[{"href":"https:\/\/www.crea-mt.org.br\/portal\/wp-json\/wp\/v2\/types\/post"}],"author":[{"embeddable":true,"href":"https:\/\/www.crea-mt.org.br\/portal\/wp-json\/wp\/v2\/users\/1"}],"replies":[{"embeddable":true,"href":"https:\/\/www.crea-mt.org.br\/portal\/wp-json\/wp\/v2\/comments?post=6957"}],"version-history":[{"count":0,"href":"https:\/\/www.crea-mt.org.br\/portal\/wp-json\/wp\/v2\/posts\/6957\/revisions"}],"wp:attachment":[{"href":"https:\/\/www.crea-mt.org.br\/portal\/wp-json\/wp\/v2\/media?parent=6957"}],"wp:term":[{"taxonomy":"category","embeddable":true,"href":"https:\/\/www.crea-mt.org.br\/portal\/wp-json\/wp\/v2\/categories?post=6957"},{"taxonomy":"post_tag","embeddable":true,"href":"https:\/\/www.crea-mt.org.br\/portal\/wp-json\/wp\/v2\/tags?post=6957"}],"curies":[{"name":"wp","href":"https:\/\/api.w.org\/{rel}","templated":true}]}}