{"id":6956,"date":"2007-03-22T00:00:00","date_gmt":"2007-03-22T03:00:00","guid":{"rendered":"https:\/\/crea-mt.org.br\/portal\/lula-resiste-a-pressao-de-ruralistas-e-insiste-em-opcao-stephanes\/"},"modified":"2007-03-22T00:00:00","modified_gmt":"2007-03-22T03:00:00","slug":"lula-resiste-a-pressao-de-ruralistas-e-insiste-em-opcao-stephanes","status":"publish","type":"post","link":"https:\/\/www.crea-mt.org.br\/portal\/lula-resiste-a-pressao-de-ruralistas-e-insiste-em-opcao-stephanes\/","title":{"rendered":"Lula resiste a press\u00e3o de ruralistas e insiste em op\u00e7\u00e3o Stephanes"},"content":{"rendered":"<p> Fonte:Folha de S.Paulo<\/p>\n<p>Apesar das press\u00f5es da bancada ruralista, o presidente Luiz In\u00e1cio Lula da Silva agendou para hoje, \u00e0s 16h30, audi\u00eancia com o presidente do PMDB, Michel Temer (SP), e o deputado Reinhold Stephanes (PR), quando ele deve ser confirmado oficialmente como novo ministro da Agricultura.<\/p>\n<p>Ontem, a bancada ruralista na C\u00e2mara e setores ligados ao agroneg\u00f3cio tentaram trocar a indica\u00e7\u00e3o de Stephanes pela do deputado Moacir Micheletto (PMDB-PR). A troca era defendida tamb\u00e9m pelo ex-ministro da Agricultura Roberto Rodrigues e pelo governador Blairo Maggi (PR-MT). Para atend\u00ea-los, Lula deve pedir a Stephanes que ou\u00e7a Rodrigues na montagem de sua equipe.<\/p>\n<p>Temer reconheceu que h\u00e1 press\u00e3o da bancada ruralista contra a nomea\u00e7\u00e3o de Stephanes, ligado ao governador Roberto Requi\u00e3o (PMDB-PR). &#8220;Est\u00e1 havendo press\u00e3o muito forte da bancada ruralista.&#8221;<\/p>\n<p>A tentativa de veto a Stephanes seria mais uma reviravolta na escolha do novo ministro da Agricultura. O PMDB j\u00e1 havia indicado o deputado Od\u00edlio Balbinotti (PR), que desistiu depois da revela\u00e7\u00e3o de suspeitas de irregularidades.<\/p>\n<p>A resist\u00eancia a Stephanes vem principalmente de sua trajet\u00f3ria pol\u00edtica, ligada \u00e0 \u00e1rea da Previd\u00eancia. Nos \u00faltimos dias, ele vem tentando se reinventar como um amigo do campo. Declarou que &#8220;nasceu na ro\u00e7a&#8221; e que dirigiu o Incra nos anos 70.<\/p>\n<p>Os ruralistas, por\u00e9m, n\u00e3o estavam convencidos. Ontem, o presidente da Comiss\u00e3o de Agricultura da C\u00e2mara, Marcos Montes (PFL-MG), e colegas da comiss\u00e3o se reuniram com os tr\u00eas ruralistas pr\u00e9-indicados pelo PMDB a Lula: Micheletto, Valdir Colatto (SC) e Waldemir Moka (MS). Conclu\u00edram que Micheletto reunia mais condi\u00e7\u00f5es: apoio pol\u00edtico, contava tamb\u00e9m com a simpatia de Requi\u00e3o e j\u00e1 havia coordenado a bancada ruralista.<\/p>\n<p>De l\u00e1, nove deputados foram ao gabinete de Temer defender Micheletto. Os peemedebistas n\u00e3o participaram do encontro para &#8220;evitar constrangimento&#8221;.<\/p>\n<p>Outras pastas<\/p>\n<p>Al\u00e9m de Stephanes, Lula definia ontem \u00e0 noite os futuros titulares dos minist\u00e9rios da Defesa e do Desenvolvimento.<\/p>\n<p>No primeiro caso, a tend\u00eancia \u00e9 Aldo Rebelo (PC do B-SP) assumir o lugar de Waldir Pires. No Desenvolvimento, assessores de Lula disseram estar &#8220;bem encaminhada&#8221; a escolha do sucessor de Luiz Fernando Furlan, ap\u00f3s v\u00e1rios empres\u00e1rios recusarem convites.<\/p>\n<p>O Planalto informou que tr\u00eas novos ministros tomam posse amanh\u00e3: Alfredo Nascimento (Transportes), Marta Suplicy (Turismo) e Walfrido Mares Guia (Rela\u00e7\u00f5es Institucionais). H\u00e1 chance de Stephanes e Pedro Brito, que deve comandar a nova Secretaria Especial de Portos, se juntarem ao grupo.<\/p>\n","protected":false},"excerpt":{"rendered":"<p>Fonte:Folha de S.Paulo Apesar das press\u00f5es da bancada ruralista, o presidente Luiz In\u00e1cio Lula da Silva agendou para hoje, \u00e0s 16h30, audi\u00eancia com o presidente do PMDB, Michel Temer (SP), e o deputado Reinhold Stephanes (PR), quando ele deve ser confirmado oficialmente como novo ministro da Agricultura. Ontem, a bancada ruralista na C\u00e2mara e setores [&hellip;]<\/p>\n","protected":false},"author":1,"featured_media":0,"comment_status":"open","ping_status":"open","sticky":false,"template":"","format":"standard","meta":{"footnotes":""},"categories":[1],"tags":[],"class_list":["post-6956","post","type-post","status-publish","format-standard","hentry","category-noticias"],"acf":[],"_links":{"self":[{"href":"https:\/\/www.crea-mt.org.br\/portal\/wp-json\/wp\/v2\/posts\/6956","targetHints":{"allow":["GET"]}}],"collection":[{"href":"https:\/\/www.crea-mt.org.br\/portal\/wp-json\/wp\/v2\/posts"}],"about":[{"href":"https:\/\/www.crea-mt.org.br\/portal\/wp-json\/wp\/v2\/types\/post"}],"author":[{"embeddable":true,"href":"https:\/\/www.crea-mt.org.br\/portal\/wp-json\/wp\/v2\/users\/1"}],"replies":[{"embeddable":true,"href":"https:\/\/www.crea-mt.org.br\/portal\/wp-json\/wp\/v2\/comments?post=6956"}],"version-history":[{"count":0,"href":"https:\/\/www.crea-mt.org.br\/portal\/wp-json\/wp\/v2\/posts\/6956\/revisions"}],"wp:attachment":[{"href":"https:\/\/www.crea-mt.org.br\/portal\/wp-json\/wp\/v2\/media?parent=6956"}],"wp:term":[{"taxonomy":"category","embeddable":true,"href":"https:\/\/www.crea-mt.org.br\/portal\/wp-json\/wp\/v2\/categories?post=6956"},{"taxonomy":"post_tag","embeddable":true,"href":"https:\/\/www.crea-mt.org.br\/portal\/wp-json\/wp\/v2\/tags?post=6956"}],"curies":[{"name":"wp","href":"https:\/\/api.w.org\/{rel}","templated":true}]}}