{"id":6953,"date":"2007-03-23T00:00:00","date_gmt":"2007-03-23T03:00:00","guid":{"rendered":"https:\/\/crea-mt.org.br\/portal\/fco-libera-r-4-milhoes-para-reflorestamento\/"},"modified":"2007-03-23T00:00:00","modified_gmt":"2007-03-23T03:00:00","slug":"fco-libera-r-4-milhoes-para-reflorestamento","status":"publish","type":"post","link":"https:\/\/www.crea-mt.org.br\/portal\/fco-libera-r-4-milhoes-para-reflorestamento\/","title":{"rendered":"FCO LIBERA R$ 4 MILH\u00d5ES PARA REFLORESTAMENTO"},"content":{"rendered":"<p>O Governo de Mato Grosso, por meio da C\u00e2mara de Pol\u00edtica Agr\u00edcola e Cr\u00e9dito Rural (CPACR), da Secretaria de Desenvolvimento Rural (Seder), em parceria com o Banco do Brasil, conseguiu a primeira libera\u00e7\u00e3o de recursos do Fundo Constitucional do Centro-Oeste (FCO) deste ano, dentro do Programa de Conserva\u00e7\u00e3o da Natureza (Pro-natureza), para um projeto de reflorestamento em implanta\u00e7\u00e3o na fazenda-modelo de eucaliptos, localizada a 60 quil\u00f4metros de Cuiab\u00e1. O financiamento liberado para o projeto aproxima-se de R$ 4 milh\u00f5es, recurso que ser\u00e1 utilizado para o cultivo de 1.200 hectares de eucalipto. &#8220;O governo do Estado est\u00e1 estimulando, atrav\u00e9s do programa Pr\u00f3-natureza, o cultivo do eucalipto como forma de reflorestamento de \u00e1reas desmatadas e v\u00ea na atividade silv\u00edcola, uma alternativa de renda bastante promissora&#8221;, afirmou Dimas Gomes, coordenador do FCO Rural em Mato Grosso. O projeto estava em tramita\u00e7\u00e3o h\u00e1 um ano acompanhado pela CPACR. Este projeto deve ser apenas um dos primeiros do Pr\u00f3-natureza em Mato Grosso, porque j\u00e1 h\u00e1 outros semelhantes em curso. Dimas explicou que o eucalipto pode ser utilizado, como no caso em foco, para fins energ\u00e9ticos, na secagem de gr\u00e3os. Por\u00e9m, o eucalipto pode ser utilizado em diversos setores, como postes nas linhas de transmiss\u00e3o de rede el\u00e9trica, como carv\u00e3o, pela ind\u00fastria moveleira ou de celulose, entre in\u00fameras alternativas economicamente vi\u00e1veis, ao mesmo tempo em que cumpre o papel no reflorestamento de \u00e1reas desmatadas com a pecu\u00e1ria. Fonte: Remade.<\/p>\n<p>VI SIMP\u00d3SIO REGIONAL DE MATA CILIAR<br \/>\nSer\u00e1 realizado de 25 a 27 de maio de 2007, no audit\u00f3rio da Universidade Estadual do Oeste do Paran\u00e1 (Rua Pernambuco 1777) em M.Candido Rondon, PR. Mais informa\u00e7\u00f5es podem ser obtidas na p\u00e1gina www.unioeste.br\/mataciliar, ou via e-mail (umala@unioeste.br). <\/p>\n<p>SILVICULTURE-SE<\/p>\n<p>A contribui\u00e7\u00e3o das florestas plantadas na produ\u00e7\u00e3o mundial de madeira se aproxima de 50% do total. A FAO reuniu novas informa\u00e7\u00f5es sobre florestas plantadas, levando em considera\u00e7\u00e3o, pela primeira vez, o componente plantado das florestas semi-naturais, as quais n\u00e3o s\u00e3o florestas estritamente naturais com um m\u00ednimo de manejo, nem s\u00e3o planta\u00e7\u00f5es florestais de esp\u00e9cies introduzidas sob manejo intensivo. A \u00c1sia \u00e9 a regi\u00e3o com mais florestas plantadas, seguida da Europa. O levantamento cobriu 38 pa\u00edses selecionados, representando 83% da \u00e1rea de florestas semi-naturais e 86% da \u00e1rea de planta\u00e7\u00f5es florestais do mundo. Os 10 pa\u00edses com mais \u00e1reas de florestas plantadas det\u00eam 81% do total. O total de florestas plantadas nesses pa\u00edses em 2005 era de 181,7 milh\u00f5es de ha, sendo que 73% das florestas plantadas foram manejadas para fins de produ\u00e7\u00e3o e 27% para fins de prote\u00e7\u00e3o. China lidera o ranking com 71,3 milh\u00f5es de ha, seguida de \u00cdndia (30 milh\u00f5es de ha) e EUA (17 milh\u00f5es de ha). O Brasil aparece em 9\u00ba lugar (5,4 milh\u00f5es de ha). <\/p>\n<p>Fonte: State of the World&#8217;s Forests 2007 &#8211; FAO 20. <\/p>\n","protected":false},"excerpt":{"rendered":"<p>O Governo de Mato Grosso, por meio da C\u00e2mara de Pol\u00edtica Agr\u00edcola e Cr\u00e9dito Rural (CPACR), da Secretaria de Desenvolvimento Rural (Seder), em parceria com o Banco do Brasil, conseguiu a primeira libera\u00e7\u00e3o de recursos do Fundo Constitucional do Centro-Oeste (FCO) deste ano, dentro do Programa de Conserva\u00e7\u00e3o da Natureza (Pro-natureza), para um projeto de [&hellip;]<\/p>\n","protected":false},"author":1,"featured_media":0,"comment_status":"open","ping_status":"open","sticky":false,"template":"","format":"standard","meta":{"footnotes":""},"categories":[1],"tags":[],"class_list":["post-6953","post","type-post","status-publish","format-standard","hentry","category-noticias"],"acf":[],"_links":{"self":[{"href":"https:\/\/www.crea-mt.org.br\/portal\/wp-json\/wp\/v2\/posts\/6953","targetHints":{"allow":["GET"]}}],"collection":[{"href":"https:\/\/www.crea-mt.org.br\/portal\/wp-json\/wp\/v2\/posts"}],"about":[{"href":"https:\/\/www.crea-mt.org.br\/portal\/wp-json\/wp\/v2\/types\/post"}],"author":[{"embeddable":true,"href":"https:\/\/www.crea-mt.org.br\/portal\/wp-json\/wp\/v2\/users\/1"}],"replies":[{"embeddable":true,"href":"https:\/\/www.crea-mt.org.br\/portal\/wp-json\/wp\/v2\/comments?post=6953"}],"version-history":[{"count":0,"href":"https:\/\/www.crea-mt.org.br\/portal\/wp-json\/wp\/v2\/posts\/6953\/revisions"}],"wp:attachment":[{"href":"https:\/\/www.crea-mt.org.br\/portal\/wp-json\/wp\/v2\/media?parent=6953"}],"wp:term":[{"taxonomy":"category","embeddable":true,"href":"https:\/\/www.crea-mt.org.br\/portal\/wp-json\/wp\/v2\/categories?post=6953"},{"taxonomy":"post_tag","embeddable":true,"href":"https:\/\/www.crea-mt.org.br\/portal\/wp-json\/wp\/v2\/tags?post=6953"}],"curies":[{"name":"wp","href":"https:\/\/api.w.org\/{rel}","templated":true}]}}