{"id":6950,"date":"2007-03-23T00:00:00","date_gmt":"2007-03-23T03:00:00","guid":{"rendered":"https:\/\/crea-mt.org.br\/portal\/crise-no-campo-produtores-buscam-saidas-as-dividas-de-investimento\/"},"modified":"2007-03-23T00:00:00","modified_gmt":"2007-03-23T03:00:00","slug":"crise-no-campo-produtores-buscam-saidas-as-dividas-de-investimento","status":"publish","type":"post","link":"https:\/\/www.crea-mt.org.br\/portal\/crise-no-campo-produtores-buscam-saidas-as-dividas-de-investimento\/","title":{"rendered":"CRISE NO CAMPO-Produtores buscam sa\u00eddas \u00e0s d\u00edvidas de investimento"},"content":{"rendered":"<p>Produtores de gr\u00e3os de diversas regi\u00f5es no pa\u00eds se reuniram ontem em Curitiba (PR), para discutir alternativas de liquida\u00e7\u00e3o \u00e0s d\u00edvidas contra\u00eddas junto ao Banco Nacional de Desenvolvimento Econ\u00f4mico e Social (BNDES). Os d\u00e9bitos s\u00e3o relativos a investimentos em infra-estrutura e m\u00e1quinas. Os ruralistas alertam que at\u00e9 o momento, pouca coisa do que foi anunciado no Plano Agr\u00edcola no ano passado se concretizou. &#8220;Estamos avisando ao governo federal que se algo n\u00e3o for feito, teremos problemas em breve&#8221;, prev\u00ea o vice-presidente da Federa\u00e7\u00e3o da Agricultura e Pecu\u00e1ria de Mato Grosso (Famato) e presidente da Associa\u00e7\u00e3o dos Produtores de Soja do Estado (Aprosoja), Rui Ottoni Prado. <\/p>\n<p>A discuss\u00e3o foi levantada durante encontro da Comiss\u00e3o de Cereais, Fibras e Oleaginosas da Confedera\u00e7\u00e3o da Agricultura e Pecu\u00e1ria do Brasil (CNA). As lideran\u00e7as rurais brasileiras se re\u00fanem em Bras\u00edlia na pr\u00f3xima ter\u00e7a-feira, dia 27, para consolidar as propostas em rela\u00e7\u00e3o aos d\u00e9bitos e cobrar do governo a efetiva\u00e7\u00e3o do Plano Agr\u00edcola. <\/p>\n<p>De acordo com dados da Agroconsult, o total das d\u00edvidas de investimento em 2007 \u00e9 de R$ 7 bilh\u00f5es em todo Brasil. Esse montante compreende as parcelas com Moderfrota, Moderinfra, Moderagro, Linha Especial, Finame Agr\u00edcola e outras linhas.<br \/>\n Fonte:Di\u00e1rio de Cuiab\u00e1<\/p>\n","protected":false},"excerpt":{"rendered":"<p>Produtores de gr\u00e3os de diversas regi\u00f5es no pa\u00eds se reuniram ontem em Curitiba (PR), para discutir alternativas de liquida\u00e7\u00e3o \u00e0s d\u00edvidas contra\u00eddas junto ao Banco Nacional de Desenvolvimento Econ\u00f4mico e Social (BNDES). Os d\u00e9bitos s\u00e3o relativos a investimentos em infra-estrutura e m\u00e1quinas. Os ruralistas alertam que at\u00e9 o momento, pouca coisa do que foi anunciado [&hellip;]<\/p>\n","protected":false},"author":1,"featured_media":0,"comment_status":"open","ping_status":"open","sticky":false,"template":"","format":"standard","meta":{"footnotes":""},"categories":[1],"tags":[],"class_list":["post-6950","post","type-post","status-publish","format-standard","hentry","category-noticias"],"acf":[],"_links":{"self":[{"href":"https:\/\/www.crea-mt.org.br\/portal\/wp-json\/wp\/v2\/posts\/6950","targetHints":{"allow":["GET"]}}],"collection":[{"href":"https:\/\/www.crea-mt.org.br\/portal\/wp-json\/wp\/v2\/posts"}],"about":[{"href":"https:\/\/www.crea-mt.org.br\/portal\/wp-json\/wp\/v2\/types\/post"}],"author":[{"embeddable":true,"href":"https:\/\/www.crea-mt.org.br\/portal\/wp-json\/wp\/v2\/users\/1"}],"replies":[{"embeddable":true,"href":"https:\/\/www.crea-mt.org.br\/portal\/wp-json\/wp\/v2\/comments?post=6950"}],"version-history":[{"count":0,"href":"https:\/\/www.crea-mt.org.br\/portal\/wp-json\/wp\/v2\/posts\/6950\/revisions"}],"wp:attachment":[{"href":"https:\/\/www.crea-mt.org.br\/portal\/wp-json\/wp\/v2\/media?parent=6950"}],"wp:term":[{"taxonomy":"category","embeddable":true,"href":"https:\/\/www.crea-mt.org.br\/portal\/wp-json\/wp\/v2\/categories?post=6950"},{"taxonomy":"post_tag","embeddable":true,"href":"https:\/\/www.crea-mt.org.br\/portal\/wp-json\/wp\/v2\/tags?post=6950"}],"curies":[{"name":"wp","href":"https:\/\/api.w.org\/{rel}","templated":true}]}}