{"id":6949,"date":"2007-03-23T00:00:00","date_gmt":"2007-03-23T03:00:00","guid":{"rendered":"https:\/\/crea-mt.org.br\/portal\/bancada-ruralista-renan-e-pr-boicotam-posse-de-ministros\/"},"modified":"2007-03-23T00:00:00","modified_gmt":"2007-03-23T03:00:00","slug":"bancada-ruralista-renan-e-pr-boicotam-posse-de-ministros","status":"publish","type":"post","link":"https:\/\/www.crea-mt.org.br\/portal\/bancada-ruralista-renan-e-pr-boicotam-posse-de-ministros\/","title":{"rendered":"Bancada ruralista, Renan e PR boicotam posse de ministros"},"content":{"rendered":"<p>Fonte:Online<\/p>\n<p>A bancada ruralista do Congresso boicotou a posse do novo ministro da Agricultura, Reinhold Stephanes (PMDB-PR), que assumiu o cargo hoje em cerim\u00f4nia no Pal\u00e1cio do Planalto. N\u00e3o foram os \u00fanicos a demonstrar descontentamento com a reforma ministerial do presidente Luiz In\u00e1cio Lula da Silva. O PR, que pode perder a administra\u00e7\u00e3o dos portos para o PSB tamb\u00e9m n\u00e3o compareceu. <\/p>\n<p>O partido seria protagonista da festa, mas o PR desautorizou o senador Alfredo Nascimento (PR-AM) a assumir a pasta dos Transportes e dessa forma pressiona o governo a n\u00e3o criar a Secretaria dos Portos. O \u00f3rg\u00e3o seria criado para contemplar o PSB que, ao contr\u00e1rio do PR, compareceu em peso \u00e0 posse dos novos ministros. <\/p>\n<p>Vieram o presidente nacional do partido e governador de Pernambuco, Eduardo Campos, o vice-presidente, Roberto Amaral, al\u00e9m de v\u00e1rios deputados da legenda. Campos deve se reunir com Lula ainda hoje para conversar sobre o espa\u00e7o do partido no governo. <\/p>\n<p>O presidente do PTB, Roberto Jefferson, tamb\u00e9m n\u00e3o compareceu. Rompido com o ministro Walfrido dos Mares Guia, que trocou hoje o Minist\u00e9rio do Turismo pelo das Rela\u00e7\u00f5es Institucionais, Jefferson n\u00e3o prestigiou a posse. Desde que denunciou o esc\u00e2ndalo do mensal\u00e3o, Jefferson foi alijado das negocia\u00e7\u00f5es do partido com o Planalto. <\/p>\n<p>Outro ausente foi o presidente do Congresso, senador Renan Calheiros (PMDB-AL). Desde que o presidente Lula escalou o presidente do PMDB, deputado Michel Temer (SP), como interlocutor, Renan tem demonstrado publicamente sua insatisfa\u00e7\u00e3o com o governo. <\/p>\n<p>Posse<\/p>\n<p>A ex-prefeita Marta Suplicy (PT-SP) transformou a posse formal dos ministros numa cerim\u00f4nia concorrida. Artistas, autoridades e dirigentes partid\u00e1rios acompanharam a cerim\u00f4nia &#8211;que lotou o sal\u00e3o do Pal\u00e1cio do Planalto. <\/p>\n<p>Al\u00e9m de Marta, tomaram posse Walfrido dos Mares Guia, no Minist\u00e9rio das Rela\u00e7\u00f5es Institucionais, e Reinhold Stephanes, na Agricultura. Mas quem atraiu a aten\u00e7\u00e3o foram os convidados da nova ministra. Na primeira fila estavam o filho Supla acompanhado de seus irm\u00e3os, a atriz Maria Paula (nora da ministra) e Luiz Favre (marido de Marta). Sandra Peres, do Palavra Cantada, tamb\u00e9m estava na plat\u00e9ia. A aus\u00eancia neste caso foi do senador Eduardo Suplicy (PT-SP), ex-marido da prefeita, que n\u00e3o esteve na posse. <\/p>\n<p>Grande parte dos vereadores de S\u00e3o Paulo prestigiou a posse da ex-prefeita, entre eles Aguinaldo Tim\u00f3teo (PR), um dos principais defensores do ex-prefeito e deputado Paulo Maluf (PP-SP), advers\u00e1rio de Marta. O presidente da C\u00e2mara Municipal de S\u00e3o Paulo, Antonio Carlos Rodrigues (PR), tamb\u00e9m compareceu.<\/p>\n<p>Tamb\u00e9m prestigiaram a posse de hoje os deputados Antonio Palocci (PT-SP), Jos\u00e9 Mentor (PT-SP), Paulo Rocha (PT-PA), Augusto Farias (PTB-AL) e a senadora Serys Slhessarenko (PT-MT). Palocci deixou o governo acusado de ter mandado quebrar o sigilo banc\u00e1rio do caseiro Francenildo; Rocha e Mentor foram acusados de envolvimento com o esc\u00e2ndalo do mensal\u00e3o. Augusto Farias chegou a ser indiciado pelo assassinato do seu irm\u00e3o PC Farias e da namorada dele, Suzana Marcolino. Ele sempre negou a acusa\u00e7\u00e3o. <\/p>\n","protected":false},"excerpt":{"rendered":"<p>Fonte:Online A bancada ruralista do Congresso boicotou a posse do novo ministro da Agricultura, Reinhold Stephanes (PMDB-PR), que assumiu o cargo hoje em cerim\u00f4nia no Pal\u00e1cio do Planalto. N\u00e3o foram os \u00fanicos a demonstrar descontentamento com a reforma ministerial do presidente Luiz In\u00e1cio Lula da Silva. O PR, que pode perder a administra\u00e7\u00e3o dos portos [&hellip;]<\/p>\n","protected":false},"author":1,"featured_media":0,"comment_status":"open","ping_status":"open","sticky":false,"template":"","format":"standard","meta":{"footnotes":""},"categories":[1],"tags":[],"class_list":["post-6949","post","type-post","status-publish","format-standard","hentry","category-noticias"],"acf":[],"_links":{"self":[{"href":"https:\/\/www.crea-mt.org.br\/portal\/wp-json\/wp\/v2\/posts\/6949","targetHints":{"allow":["GET"]}}],"collection":[{"href":"https:\/\/www.crea-mt.org.br\/portal\/wp-json\/wp\/v2\/posts"}],"about":[{"href":"https:\/\/www.crea-mt.org.br\/portal\/wp-json\/wp\/v2\/types\/post"}],"author":[{"embeddable":true,"href":"https:\/\/www.crea-mt.org.br\/portal\/wp-json\/wp\/v2\/users\/1"}],"replies":[{"embeddable":true,"href":"https:\/\/www.crea-mt.org.br\/portal\/wp-json\/wp\/v2\/comments?post=6949"}],"version-history":[{"count":0,"href":"https:\/\/www.crea-mt.org.br\/portal\/wp-json\/wp\/v2\/posts\/6949\/revisions"}],"wp:attachment":[{"href":"https:\/\/www.crea-mt.org.br\/portal\/wp-json\/wp\/v2\/media?parent=6949"}],"wp:term":[{"taxonomy":"category","embeddable":true,"href":"https:\/\/www.crea-mt.org.br\/portal\/wp-json\/wp\/v2\/categories?post=6949"},{"taxonomy":"post_tag","embeddable":true,"href":"https:\/\/www.crea-mt.org.br\/portal\/wp-json\/wp\/v2\/tags?post=6949"}],"curies":[{"name":"wp","href":"https:\/\/api.w.org\/{rel}","templated":true}]}}