{"id":6948,"date":"2007-03-23T00:00:00","date_gmt":"2007-03-23T03:00:00","guid":{"rendered":"https:\/\/crea-mt.org.br\/portal\/lula-aproveita-posse-para-rebater-criticas-a-escolha-de-ministros\/"},"modified":"2007-03-23T00:00:00","modified_gmt":"2007-03-23T03:00:00","slug":"lula-aproveita-posse-para-rebater-criticas-a-escolha-de-ministros","status":"publish","type":"post","link":"https:\/\/www.crea-mt.org.br\/portal\/lula-aproveita-posse-para-rebater-criticas-a-escolha-de-ministros\/","title":{"rendered":"Lula aproveita posse para rebater cr\u00edticas \u00e0 escolha de ministros"},"content":{"rendered":"<p>Fonte:FolhaNews<br \/>\nO presidente Luiz In\u00e1cio Lula da Silva aproveitou a posse dos ministros Marta Suplicy (Turismo), Walfrido dos Mares Guia (Rela\u00e7\u00f5es Institucionais) e Reinhold Stephanes (Agricultura) para responder \u00e0s cr\u00edticas feitas ao processo de escolha dos integrantes do primeiro escal\u00e3o do seu governo. A primeira resposta foi \u00e0 demora para escolha dos ministros que trabalhar\u00e3o com ele em seu segundo mandato. <\/p>\n<p>&#8220;Quando tomei posse, disse que n\u00e3o precisava mudar o minist\u00e9rio. Como o Internacional de Porto Alegre, n\u00e3o precisaria trocar os jogadores, pois tinha acabado de ganhar&#8221;, disse Lula, nesta sexta-feira, comparando sua equipe com o atual campe\u00e3o mundial e da Ta\u00e7a Libertadores. <\/p>\n<p>Para se defender das cr\u00edticas, Lula tamb\u00e9m alfinetou as trocas ministeriais promovidas por seus antecessores. &#8220;Houve tempo no Brasil que ministros da Fazenda ca\u00edam a cada vez que se divulgava a infla\u00e7\u00e3o. Ca\u00eda toda a \u00e1rvore que comp\u00f5e o Minist\u00e9rio da Fazenda. N\u00e3o estamos nessa situa\u00e7\u00e3o. A situa\u00e7\u00e3o do pa\u00eds \u00e9 s\u00f3lida. Est\u00e1vamos vivendo um momento das maiores envergaduras da economia brasileira.&#8221; <\/p>\n<p>Recados<br \/>\nLula tamb\u00e9m fez um discurso recheado de recados, como para o PT e bancada ruralista da C\u00e2mara. Ele rebateu \u00e0s cr\u00edticas do PT \u00e0 escolha de Walfrido (PTB) para comandar as Rela\u00e7\u00f5es Institucionais, pasta respons\u00e1vel pela articula\u00e7\u00e3o pol\u00edtica. &#8220;Depois de conversar com deputados, senadores, a unanimidade \u00e9 que ele [Walfrido] \u00e9 o ministro que mais gosta de deputado e senador. Ele gosta tanto que chega a tomar caf\u00e9, almo\u00e7ar com deputado e se d\u00e1 ao luxo de jantar com deputado e faz a sobremesa com senador&#8221;, disse Lula. <\/p>\n<p>Lula tamb\u00e9m mandou um recado para a bancada ruralista, que criticou a escolha de Stephanes para a Agricultura. &#8220;O [Michel] Temer [presidente do PMDB] me trouxe lista com sete nomes. Escolhi o Stephanes por sua carreira pol\u00edtica. J\u00e1 me disseram que ele foi da Arena, do PDS. N\u00e3o fa\u00e7o pol\u00edtica vendo o que fizeram ontem, Fa\u00e7o pol\u00edtica vendo o que v\u00e3o ser amanh\u00e3.&#8221; Segundo Lula, Stephanes foi elogiado pelo ex-ministro da Agricultura Luiz Guedes. &#8220;O Guedes me dizia ontem que a sua passagem [de Stephanes] por todo cargo foi da maior respeitabilidade e compet\u00eancia administrativa. Liguei para o [Roberto] Requi\u00e3o [governador do Paran\u00e1], que fez tanto elogio. Eu disse: &#8220;algo t\u00e1 errado. Poucos brasileiros s\u00e3o merecedores dos elogios de Requi\u00e3o.&#8221; , finalizou. <\/p>\n","protected":false},"excerpt":{"rendered":"<p>Fonte:FolhaNews O presidente Luiz In\u00e1cio Lula da Silva aproveitou a posse dos ministros Marta Suplicy (Turismo), Walfrido dos Mares Guia (Rela\u00e7\u00f5es Institucionais) e Reinhold Stephanes (Agricultura) para responder \u00e0s cr\u00edticas feitas ao processo de escolha dos integrantes do primeiro escal\u00e3o do seu governo. A primeira resposta foi \u00e0 demora para escolha dos ministros que trabalhar\u00e3o [&hellip;]<\/p>\n","protected":false},"author":1,"featured_media":0,"comment_status":"open","ping_status":"open","sticky":false,"template":"","format":"standard","meta":{"footnotes":""},"categories":[1],"tags":[],"class_list":["post-6948","post","type-post","status-publish","format-standard","hentry","category-noticias"],"acf":[],"_links":{"self":[{"href":"https:\/\/www.crea-mt.org.br\/portal\/wp-json\/wp\/v2\/posts\/6948","targetHints":{"allow":["GET"]}}],"collection":[{"href":"https:\/\/www.crea-mt.org.br\/portal\/wp-json\/wp\/v2\/posts"}],"about":[{"href":"https:\/\/www.crea-mt.org.br\/portal\/wp-json\/wp\/v2\/types\/post"}],"author":[{"embeddable":true,"href":"https:\/\/www.crea-mt.org.br\/portal\/wp-json\/wp\/v2\/users\/1"}],"replies":[{"embeddable":true,"href":"https:\/\/www.crea-mt.org.br\/portal\/wp-json\/wp\/v2\/comments?post=6948"}],"version-history":[{"count":0,"href":"https:\/\/www.crea-mt.org.br\/portal\/wp-json\/wp\/v2\/posts\/6948\/revisions"}],"wp:attachment":[{"href":"https:\/\/www.crea-mt.org.br\/portal\/wp-json\/wp\/v2\/media?parent=6948"}],"wp:term":[{"taxonomy":"category","embeddable":true,"href":"https:\/\/www.crea-mt.org.br\/portal\/wp-json\/wp\/v2\/categories?post=6948"},{"taxonomy":"post_tag","embeddable":true,"href":"https:\/\/www.crea-mt.org.br\/portal\/wp-json\/wp\/v2\/tags?post=6948"}],"curies":[{"name":"wp","href":"https:\/\/api.w.org\/{rel}","templated":true}]}}