{"id":6946,"date":"2007-03-23T00:00:00","date_gmt":"2007-03-23T03:00:00","guid":{"rendered":"https:\/\/crea-mt.org.br\/portal\/antropologo-do-pt-assume-hoje-a-presidencia-da-funa\/"},"modified":"2007-03-23T00:00:00","modified_gmt":"2007-03-23T03:00:00","slug":"antropologo-do-pt-assume-hoje-a-presidencia-da-funa","status":"publish","type":"post","link":"https:\/\/www.crea-mt.org.br\/portal\/antropologo-do-pt-assume-hoje-a-presidencia-da-funa\/","title":{"rendered":"Antrop\u00f3logo do PT assume hoje a presid\u00eancia da Funa"},"content":{"rendered":"<p>Fonte: O Estado de S.Paulo <\/p>\n<p>M\u00e1rcio Meira, pouco conhecido na \u00e1rea, substitui M\u00e9rcio Gomes, que fez gest\u00e3o pol\u00eamica<\/p>\n<p>O ministro da Justi\u00e7a, Tarso Genro, confirmou ontem o nome do pesquisador paraense M\u00e1rcio Meira, de 43 anos, para a presid\u00eancia da Funda\u00e7\u00e3o Nacional do \u00cdndio (Funai).  Ele toma posse hoje \u00e0s 14 horas, em Bras\u00edlia, substituindo o antrop\u00f3logo M\u00e9rcio Pereira Gomes.  Ser\u00e1 o 32.\u00ba presidente da institui\u00e7\u00e3o criada h\u00e1 39 anos.<\/p>\n<p>Funcion\u00e1rio do Museu Emilio G\u00f6eldi, de Bel\u00e9m, Meira \u00e9 formado em hist\u00f3ria, com mestrado em antropologia.  Filiado ao PT desde 1983, participou da prepara\u00e7\u00e3o do programa de governo de Luiz In\u00e1cio Lula da Silva, em 2002, atuando na \u00e1rea de cultura.  No ano seguinte foi indicado pelo partido para ocupar a Secretaria de Articula\u00e7\u00e3o Institucional do Minist\u00e9rio da Cultura &#8211; cargo do qual foi demitido em janeiro deste ano pelo ministro Gilberto Gil, apesar dos protestos do PT.<\/p>\n<p>Em Bel\u00e9m, M\u00e1rcio distinguiu-se na \u00e1rea de cultura.  Presidiu a Funda\u00e7\u00e3o Cultural de Bel\u00e9m e dirigiu o Arquivo P\u00fablico Paraense.  Foi um dos respons\u00e1veis pela revitaliza\u00e7\u00e3o do Mercado Ver-o-Peso da capital do Estado.<\/p>\n<p>Ele n\u00e3o \u00e9 muito conhecido no meio ind\u00edgena.  Em Boa Vista, Joenia Apixana, da dire\u00e7\u00e3o do Conselho Indigenista de Roraima, observou: &#8220;N\u00e3o conhe\u00e7o seu trabalho.  Espero que ele saiba ouvir os movimentos ind\u00edgenas para saber quais s\u00e3o suas reais necessidades.&#8221;<\/p>\n<p>O Conselho Indigenista Mission\u00e1rio (Cimi) n\u00e3o mostrou entusiasmo: &#8220;Pouco adianta mudar o presidente da Funai se o governo federal n\u00e3o indica mudan\u00e7as na sua pol\u00edtica indigenista.  A Comiss\u00e3o Nacional de Pol\u00edtica Indigenista, criada por decreto presidencial em mar\u00e7o de 2006, at\u00e9 hoje n\u00e3o foi instalada.&#8221;<\/p>\n<p>No Instituto Socioambiental (Isa), umas das maiores ONGs na \u00e1rea indigenista, a escolha foi elogiada.  Segundo o antrop\u00f3logo Beto Ricardo, secret\u00e1rio-executivo da institui\u00e7\u00e3o, Meira destacou-se na defesa dos \u00edndios na Constituinte de 1988 e j\u00e1 atuou na identifica\u00e7\u00e3o de terras ind\u00edgenas.  Tamb\u00e9m foi um dos mediadores do di\u00e1logo entre os \u00edndios e a equipe de Lula, na transi\u00e7\u00e3o de 2002.<\/p>\n<p>M\u00e9rcio Gomes estava no cargo desde setembro de 2003.  Foi uma das gest\u00f5es mais longas da Funai e tamb\u00e9m das mais pol\u00eamicas.  Entre outras coisas foi criticado pelas constantes viagens ao exterior e por uma declara\u00e7\u00e3o, a uma ag\u00eancia internacional de not\u00edcias, na qual observou que seria excessiva a demanda de terras por ind\u00edgenas.  No meio dessa discuss\u00e3o demitiu o sertanista Sidney Possuelo, um dos mais respeitados da institui\u00e7\u00e3o.<\/p>\n","protected":false},"excerpt":{"rendered":"<p>Fonte: O Estado de S.Paulo M\u00e1rcio Meira, pouco conhecido na \u00e1rea, substitui M\u00e9rcio Gomes, que fez gest\u00e3o pol\u00eamica O ministro da Justi\u00e7a, Tarso Genro, confirmou ontem o nome do pesquisador paraense M\u00e1rcio Meira, de 43 anos, para a presid\u00eancia da Funda\u00e7\u00e3o Nacional do \u00cdndio (Funai). Ele toma posse hoje \u00e0s 14 horas, em Bras\u00edlia, substituindo [&hellip;]<\/p>\n","protected":false},"author":1,"featured_media":0,"comment_status":"open","ping_status":"open","sticky":false,"template":"","format":"standard","meta":{"footnotes":""},"categories":[1],"tags":[],"class_list":["post-6946","post","type-post","status-publish","format-standard","hentry","category-noticias"],"acf":[],"_links":{"self":[{"href":"https:\/\/www.crea-mt.org.br\/portal\/wp-json\/wp\/v2\/posts\/6946","targetHints":{"allow":["GET"]}}],"collection":[{"href":"https:\/\/www.crea-mt.org.br\/portal\/wp-json\/wp\/v2\/posts"}],"about":[{"href":"https:\/\/www.crea-mt.org.br\/portal\/wp-json\/wp\/v2\/types\/post"}],"author":[{"embeddable":true,"href":"https:\/\/www.crea-mt.org.br\/portal\/wp-json\/wp\/v2\/users\/1"}],"replies":[{"embeddable":true,"href":"https:\/\/www.crea-mt.org.br\/portal\/wp-json\/wp\/v2\/comments?post=6946"}],"version-history":[{"count":0,"href":"https:\/\/www.crea-mt.org.br\/portal\/wp-json\/wp\/v2\/posts\/6946\/revisions"}],"wp:attachment":[{"href":"https:\/\/www.crea-mt.org.br\/portal\/wp-json\/wp\/v2\/media?parent=6946"}],"wp:term":[{"taxonomy":"category","embeddable":true,"href":"https:\/\/www.crea-mt.org.br\/portal\/wp-json\/wp\/v2\/categories?post=6946"},{"taxonomy":"post_tag","embeddable":true,"href":"https:\/\/www.crea-mt.org.br\/portal\/wp-json\/wp\/v2\/tags?post=6946"}],"curies":[{"name":"wp","href":"https:\/\/api.w.org\/{rel}","templated":true}]}}