{"id":6943,"date":"2007-03-23T00:00:00","date_gmt":"2007-03-23T03:00:00","guid":{"rendered":"https:\/\/crea-mt.org.br\/portal\/na-posse-de-ministros-lula-elogia-avancos-do-seu-governo-na-economia\/"},"modified":"2007-03-23T00:00:00","modified_gmt":"2007-03-23T03:00:00","slug":"na-posse-de-ministros-lula-elogia-avancos-do-seu-governo-na-economia","status":"publish","type":"post","link":"https:\/\/www.crea-mt.org.br\/portal\/na-posse-de-ministros-lula-elogia-avancos-do-seu-governo-na-economia\/","title":{"rendered":"Na posse de ministros, Lula elogia avan\u00e7os do seu governo na economia"},"content":{"rendered":"<p>Fonte:Folha Online<\/p>\n<p>O presidente Luiz In\u00e1cio Lula da Silva disse hoje que a economia melhorou durante o seu governo. Para exemplificar a &#8220;solidez&#8221; da economia, Lula citou dados divulgados nesta semana pelo IBGE (Instituto Brasileiro de Geografia e Estat\u00edstica) e Dieese (Departamento Intersindical de Estat\u00edstica e Estudos Socioecon\u00f4micos), que mostraram a revis\u00e3o para cima do PIB (Produto Interno Bruto) e que os trabalhadores conseguiram em 2006 os melhores reajustes salariais dos \u00faltimos dez anos.<\/p>\n<p>&#8220;Acredito que hoje estamos vivendo momento importante na hist\u00f3ria desse pa\u00eds. N\u00e3o s\u00f3 pela divulga\u00e7\u00e3o do PIB e pelas mudan\u00e7as feitas na economia. Um dado importante, digo isso porque passei 20 anos no mundo sindical, \u00e9 que o Dieese divulgou que 86% dos reajustes salariais foram acima da infla\u00e7\u00e3o com ganhos reais para trabalhadores. \u00c9 uma grande novidade na pol\u00edtica nacional. Participei de movimentos, fiz parte das greves mais importantes e quando a gente recebia reajuste pr\u00f3ximo da infla\u00e7\u00e3o, j\u00e1 era um ganho&#8221;, disse Lula.<\/p>\n<p>Lula afirmou ainda que os ministros da Fazenda s\u00e3o mais est\u00e1veis em seu governo do que nos anteriores. &#8220;Houve tempo no Brasil que ministros da Fazenda ca\u00edam a cada vez que se divulgava a infla\u00e7\u00e3o. Ca\u00eda toda a \u00e1rvore que comp\u00f5e o Minist\u00e9rio da Fazenda. N\u00e3o est\u00e1vamos nessa situa\u00e7\u00e3o. A situa\u00e7\u00e3o do pa\u00eds \u00e9 s\u00f3lida. Estamos vivendo um momento das maiores envergaduras da economia brasileira&#8221;, disse.<\/p>\n<p>Ele disse ainda que nunca houve &#8220;momento em que a gente tenha reunido tantos fatores positivos&#8221;. &#8220;O Brasil nunca teve uma situa\u00e7\u00e3o privilegiada como a que estamos tendo. Alguns poderiam dizer que \u00e9 sorte.&#8221;<\/p>\n<p>O presidente alfinetou ainda a oposi\u00e7\u00e3o que disse que seu governo teve sorte. &#8220;Os mesmos que dizem que \u00e9 sorte, n\u00e3o diziam [isso] quando tivemos que fazer um dos maiores apertos na economia em 2003. Sabe Deus o que passamos em 2003. Os congressistas souberam logo no in\u00edcio.&#8221; <\/p>\n<p>Lula deu posse hoje aos ministros Marta Suplicy (Turismo), Walfrido dos Mares Guia (Rela\u00e7\u00f5es Institucionais) e Reinhold Stephanes (Agricultura).<\/p>\n<p>Al\u00e9m de elogiar a pol\u00edtica econ\u00f4mica, Lula afirmou que a coaliz\u00e3o pol\u00edtica que montou em torno de seu segundo mandato vai mostrar ao Brasil &#8220;que \u00e9 poss\u00edvel fazer pol\u00edtica no pa\u00eds com P mai\u00fasculo&#8221;, a longo prazo, com a\u00e7\u00f5es que ser\u00e3o medidas pela popula\u00e7\u00e3o nos pr\u00f3ximos 20 anos&#8221;.<\/p>\n<p>Para os que criticaram a sua demora para trocar os ministros, Lula disse que n\u00e3o se mexe em time que est\u00e1 ganhando. &#8220;Quando tomei posse, disse que n\u00e3o precisava mudar o minist\u00e9rio. Como o Internacional de Porto Alegre, n\u00e3o precisaria trocar os jogadores, pois tinha acabado de ganhar&#8221;, disse Lula comparando sua equipe ministerial com o atual campe\u00e3o mundial e da Ta\u00e7a Libertadores.<\/p>\n<p>Lula elogiou hoje seus novos ministros. Sobre Marta, ele afirmou que ela pode disputar o cargo pol\u00edtico que quiser. &#8220;Algu\u00e9m que foi prefeita de S\u00e3o Paulo pode ter qualquer cargo no mundo.&#8221;<\/p>\n<p>Para o presidente, Walfrido \u00e9 o melhor articular que o governo pode ter no Congresso porque gosta de deputados e senadores. &#8220;Depois de conversar com deputados, senadores, a unanimidade \u00e9 que ele [Walfrido] \u00e9 o ministro que mais gosta de deputado e senador. Ele gosta tanto que chega a tomar caf\u00e9, almo\u00e7ar com deputado e se d\u00e1 ao luxo de jantar com deputado e faz a sobremesa com senador.&#8221;<\/p>\n<p>J\u00e1 Stephanes foi elogiado por seu curr\u00edculo. &#8220;O [Michel] Temer [presidente do PMDB] me trouxe lista com sete nomes. Escolhi o Stephanes por sua carreira pol\u00edtica. J\u00e1 me disseram que ele foi da Arena, do PDS. N\u00e3o fa\u00e7o pol\u00edtica vendo o que fizeram ontem, fa\u00e7o pol\u00edtica vendo o que v\u00e3o ser amanh\u00e3.&#8221;<\/p>\n<p>Avan\u00e7os sociais<\/p>\n<p>&#8220;Ontem fiz uma reuni\u00e3o para discutir a pol\u00edtica social que vamos construir nos pr\u00f3ximos quatro anos. Brincava com o Guido [Mantega, ministro da Fazenda] que o IBGE diz que caiu investimento e cresceu o PIB. Mesmo o n\u00e3o crescimento se deve \u00e0 quantidade de dinheiro colocado nas pol\u00edticas sociais desse pa\u00eds. falo sem medo de errar e n\u00e3o vou mais fazer compara\u00e7\u00e3o, pois tenho que me comparar com meu primeiro mandato. Nunca houve nesse pa\u00eds o que conseguimos fazer nos primeiros quatro anos.&#8221;<\/p>\n","protected":false},"excerpt":{"rendered":"<p>Fonte:Folha Online O presidente Luiz In\u00e1cio Lula da Silva disse hoje que a economia melhorou durante o seu governo. Para exemplificar a &#8220;solidez&#8221; da economia, Lula citou dados divulgados nesta semana pelo IBGE (Instituto Brasileiro de Geografia e Estat\u00edstica) e Dieese (Departamento Intersindical de Estat\u00edstica e Estudos Socioecon\u00f4micos), que mostraram a revis\u00e3o para cima do [&hellip;]<\/p>\n","protected":false},"author":1,"featured_media":0,"comment_status":"open","ping_status":"open","sticky":false,"template":"","format":"standard","meta":{"footnotes":""},"categories":[1],"tags":[],"class_list":["post-6943","post","type-post","status-publish","format-standard","hentry","category-noticias"],"acf":[],"_links":{"self":[{"href":"https:\/\/www.crea-mt.org.br\/portal\/wp-json\/wp\/v2\/posts\/6943","targetHints":{"allow":["GET"]}}],"collection":[{"href":"https:\/\/www.crea-mt.org.br\/portal\/wp-json\/wp\/v2\/posts"}],"about":[{"href":"https:\/\/www.crea-mt.org.br\/portal\/wp-json\/wp\/v2\/types\/post"}],"author":[{"embeddable":true,"href":"https:\/\/www.crea-mt.org.br\/portal\/wp-json\/wp\/v2\/users\/1"}],"replies":[{"embeddable":true,"href":"https:\/\/www.crea-mt.org.br\/portal\/wp-json\/wp\/v2\/comments?post=6943"}],"version-history":[{"count":0,"href":"https:\/\/www.crea-mt.org.br\/portal\/wp-json\/wp\/v2\/posts\/6943\/revisions"}],"wp:attachment":[{"href":"https:\/\/www.crea-mt.org.br\/portal\/wp-json\/wp\/v2\/media?parent=6943"}],"wp:term":[{"taxonomy":"category","embeddable":true,"href":"https:\/\/www.crea-mt.org.br\/portal\/wp-json\/wp\/v2\/categories?post=6943"},{"taxonomy":"post_tag","embeddable":true,"href":"https:\/\/www.crea-mt.org.br\/portal\/wp-json\/wp\/v2\/tags?post=6943"}],"curies":[{"name":"wp","href":"https:\/\/api.w.org\/{rel}","templated":true}]}}