{"id":6942,"date":"2007-03-23T00:00:00","date_gmt":"2007-03-23T03:00:00","guid":{"rendered":"https:\/\/crea-mt.org.br\/portal\/adido-frances-recebe-presidente-do-confea-para-tratar-da-wec-2008\/"},"modified":"2007-03-23T00:00:00","modified_gmt":"2007-03-23T03:00:00","slug":"adido-frances-recebe-presidente-do-confea-para-tratar-da-wec-2008","status":"publish","type":"post","link":"https:\/\/www.crea-mt.org.br\/portal\/adido-frances-recebe-presidente-do-confea-para-tratar-da-wec-2008\/","title":{"rendered":"Adido franc\u00eas recebe presidente do Confea para tratar da WEC 2008"},"content":{"rendered":"<p>A divulga\u00e7\u00e3o, na Fran\u00e7a, junto a ag\u00eancias governamentais, empres\u00e1rios e profissionais, a montagem de uma exposi\u00e7\u00e3o cient\u00edfica e a indica\u00e7\u00e3o de um palestrante, foram os compromissos assumidos pelo adido cient\u00edfico da embaixada da Fran\u00e7a no Brasil, Jean-Pierre Courtiat, com o presidente do Confea,. Marcos t\u00falio de Melo, sobre a participa\u00e7\u00e3o francesa na terceira edi\u00e7\u00e3o do Congresso Mundial de Engenheiros &#8211; WEC 2008 &#8211; que ser\u00e1 realizada em Bras\u00edlia de 5 a 8 de dezembro, no Centro de Conven\u00e7\u00f5es. <\/p>\n<p>O encontro entre Courtiat e T\u00falio de Melo aconteceu na manh\u00e3 de hoje na embaixada da Fran\u00e7a, e dele participaram tamb\u00e9m a presidente do Crea-DF, eng. civ. Lia S\u00e1, o conselheiro federal e coordenador da WEC no Brasil, eng. eletric. Paulo Bubach e o gerente de Rela\u00e7\u00f5es Institucionais do Confea, Ren\u00e9 Bayma. <\/p>\n<p>T\u00falio de Melo, que apresentou proposta para a participa\u00e7\u00e3o francesa na pr\u00f3xima edi\u00e7\u00e3o do maior congresso de engenheiros que acontece no mundo, historiou sobre a proje\u00e7\u00e3o da WEC  &#8211; j\u00e1 realizada na Alemanha e na China &#8211; , e informou que tanto a CNI, quanto  Febrae e FMOI, respectivamente, Confedera\u00e7\u00e3o Nacional da Ind\u00fastria, Federa\u00e7\u00e3o Brasileira de Associa\u00e7\u00f5es de Engenheiros e Federa\u00e7\u00e3o Mundial de Organiza\u00e7\u00f5es de Engenheiros, s\u00e3o parceiras no evento que pretende reunir cerca de seis mil participantes, entre brasileiros e estrangeiros. <\/p>\n<p>Courtiart considerou positiva a liga\u00e7\u00e3o entre o tema central da WEC 2008, &#8220;Engenharia, inova\u00e7\u00e3o com responsabilidade social&#8221; com as metas do mil\u00eanio, definidas pela ONU&#8221;. J\u00e1 T\u00falio de Melo destacou que a WEC &#8220;pretende que se fa\u00e7a uma reflex\u00e3o sobre como engenheiros dos cinco continentes podem contribuir para solucionar quest\u00f5es como a da fome e da agress\u00e3o ao meio-ambiente, entre outras, com a ajuda de tecnologias dispon\u00edveis atualmente&#8221;. <\/p>\n<p>O presidente do Confea informou sobre a reuni\u00e3o do conselho consultivo internacional da WEC 2008, que acontece em Bras\u00edlia, dias 23 e 24 pr\u00f3ximos, para avaliar o andamento dos trabalhos que visam fazer da WEC 2008 um marco, entre os eventos ligados \u00e0 \u00e1rea tecnol\u00f3gica. <\/p>\n<p>Lia S\u00e1, por sua vez, solicitou a Courtiat que na divulga\u00e7\u00e3o do evento na Fran\u00e7a  destaque convites especiais para garantir uma boa participa\u00e7\u00e3o de engenheiras francesas no F\u00f3rum da Mulher, um dos espa\u00e7os na programa\u00e7\u00e3o, destinado a discutir a quest\u00e3o de g\u00eanero e a promover encontros entre mulheres engenheiras, empreendedoras e cientistas.  <\/p>\n<p>Bem informado sobre o andamento dos preparativos para a WEC 2008, Courtiart disse que entrar\u00e1 em contato com a Associa\u00e7\u00e3o Francesa de Engenheiros, com os minist\u00e9rios da Economia e da Ci\u00eancia e Tecnologia, al\u00e9m de organiza\u00e7\u00f5es empresariais, e garantiu apoio \u00e0 delega\u00e7\u00e3o francesa que &#8220;com certeza&#8221; vir\u00e1 ao Brasil. <\/p>\n<p>Fonte:Confea<\/p>\n","protected":false},"excerpt":{"rendered":"<p>A divulga\u00e7\u00e3o, na Fran\u00e7a, junto a ag\u00eancias governamentais, empres\u00e1rios e profissionais, a montagem de uma exposi\u00e7\u00e3o cient\u00edfica e a indica\u00e7\u00e3o de um palestrante, foram os compromissos assumidos pelo adido cient\u00edfico da embaixada da Fran\u00e7a no Brasil, Jean-Pierre Courtiat, com o presidente do Confea,. Marcos t\u00falio de Melo, sobre a participa\u00e7\u00e3o francesa na terceira edi\u00e7\u00e3o do [&hellip;]<\/p>\n","protected":false},"author":1,"featured_media":0,"comment_status":"open","ping_status":"open","sticky":false,"template":"","format":"standard","meta":{"footnotes":""},"categories":[1],"tags":[],"class_list":["post-6942","post","type-post","status-publish","format-standard","hentry","category-noticias"],"acf":[],"_links":{"self":[{"href":"https:\/\/www.crea-mt.org.br\/portal\/wp-json\/wp\/v2\/posts\/6942","targetHints":{"allow":["GET"]}}],"collection":[{"href":"https:\/\/www.crea-mt.org.br\/portal\/wp-json\/wp\/v2\/posts"}],"about":[{"href":"https:\/\/www.crea-mt.org.br\/portal\/wp-json\/wp\/v2\/types\/post"}],"author":[{"embeddable":true,"href":"https:\/\/www.crea-mt.org.br\/portal\/wp-json\/wp\/v2\/users\/1"}],"replies":[{"embeddable":true,"href":"https:\/\/www.crea-mt.org.br\/portal\/wp-json\/wp\/v2\/comments?post=6942"}],"version-history":[{"count":0,"href":"https:\/\/www.crea-mt.org.br\/portal\/wp-json\/wp\/v2\/posts\/6942\/revisions"}],"wp:attachment":[{"href":"https:\/\/www.crea-mt.org.br\/portal\/wp-json\/wp\/v2\/media?parent=6942"}],"wp:term":[{"taxonomy":"category","embeddable":true,"href":"https:\/\/www.crea-mt.org.br\/portal\/wp-json\/wp\/v2\/categories?post=6942"},{"taxonomy":"post_tag","embeddable":true,"href":"https:\/\/www.crea-mt.org.br\/portal\/wp-json\/wp\/v2\/tags?post=6942"}],"curies":[{"name":"wp","href":"https:\/\/api.w.org\/{rel}","templated":true}]}}