{"id":69412,"date":"2026-04-30T11:59:46","date_gmt":"2026-04-30T15:59:46","guid":{"rendered":"https:\/\/www.crea-mt.org.br\/portal\/?p=69412"},"modified":"2026-04-30T12:03:55","modified_gmt":"2026-04-30T16:03:55","slug":"aeam-mt-promove-seminario-de-gestao-ambiental-2026","status":"publish","type":"post","link":"https:\/\/www.crea-mt.org.br\/portal\/aeam-mt-promove-seminario-de-gestao-ambiental-2026\/","title":{"rendered":"AEAM-MT promove Semin\u00e1rio de Gest\u00e3o Ambiental 2026"},"content":{"rendered":"<p data-start=\"0\" data-end=\"579\"><img loading=\"lazy\" decoding=\"async\" class=\"size-site-padrao wp-image-69413 alignnone\" src=\"https:\/\/www.crea-mt.org.br\/portal\/wp-content\/uploads\/2026\/04\/IMG_2642-scaled-e1777563706942-847x543.jpg\" alt=\"\" width=\"847\" height=\"543\" srcset=\"https:\/\/www.crea-mt.org.br\/portal\/wp-content\/uploads\/2026\/04\/IMG_2642-scaled-e1777563706942-847x543.jpg 847w, https:\/\/www.crea-mt.org.br\/portal\/wp-content\/uploads\/2026\/04\/IMG_2642-scaled-e1777563706942-768x493.jpg 768w, https:\/\/www.crea-mt.org.br\/portal\/wp-content\/uploads\/2026\/04\/IMG_2642-scaled-e1777563706942-1536x985.jpg 1536w, https:\/\/www.crea-mt.org.br\/portal\/wp-content\/uploads\/2026\/04\/IMG_2642-scaled-e1777563706942-543x348.jpg 543w, https:\/\/www.crea-mt.org.br\/portal\/wp-content\/uploads\/2026\/04\/IMG_2642-scaled-e1777563706942-336x215.jpg 336w, https:\/\/www.crea-mt.org.br\/portal\/wp-content\/uploads\/2026\/04\/IMG_2642-scaled-e1777563706942-360x231.jpg 360w, https:\/\/www.crea-mt.org.br\/portal\/wp-content\/uploads\/2026\/04\/IMG_2642-scaled-e1777563706942-1024x657.jpg 1024w, https:\/\/www.crea-mt.org.br\/portal\/wp-content\/uploads\/2026\/04\/IMG_2642-scaled-e1777563706942.jpg 1910w\" sizes=\"auto, (max-width: 847px) 100vw, 847px\" \/><\/p>\n<p data-start=\"0\" data-end=\"579\">A <span class=\"hover:entity-accent entity-underline inline cursor-pointer align-baseline\"><span class=\"whitespace-normal\">Associa\u00e7\u00e3o dos Engenheiros Ambientais de Mato Grosso (AEAM-MT)<\/span><\/span>, em parceria com o <span class=\"hover:entity-accent entity-underline inline cursor-pointer align-baseline\"><span class=\"whitespace-normal\">Conselho Regional de Engenharia e Agronomia de Mato Grosso (Crea-MT), <\/span><\/span>realizou o Semin\u00e1rio de Gest\u00e3o Ambiental 2026 nesta ter\u00e7a- feira (28). O evento aconteceu no audit\u00f3rio do <span class=\"hover:entity-accent entity-underline inline cursor-pointer align-baseline\"><span class=\"whitespace-normal\">Instituto Federal de Mato Grosso<\/span><\/span> \u2013 Campus <span class=\"hover:entity-accent entity-underline inline cursor-pointer align-baseline\"><span class=\"whitespace-normal\">V\u00e1rzea Grande, a partir das 18h30, e reuniu estudantes, engenheiros, empres\u00e1rios, gestores p\u00fablicos e demais profissionais da \u00e1rea ambiental.<\/span><\/span><\/p>\n<p data-start=\"581\" data-end=\"1032\">A mesa de abertura foi composta pelo inspetor do Crea-MT em V\u00e1rzea Grande, eng. civil <span class=\"hover:entity-accent entity-underline inline cursor-pointer align-baseline\"><span class=\"whitespace-normal\">Vanor Arantes<\/span><\/span>, \u00a0pela presidente da AEAM-MT, eng. ambiental <span class=\"hover:entity-accent entity-underline inline cursor-pointer align-baseline\"><span class=\"whitespace-normal\">Katiene Moura da Silva, e pelo diretor do IFMT\u2013 Campus V\u00e1rzea Grande, Jo\u00e3o Beraldo, que destacaram a relev\u00e2ncia da parceria entre o Conselho, entidades de classe e institui\u00e7\u00f5es de ensino, para promover a atualiza\u00e7\u00e3o profissional e fortalecer o debate t\u00e9cnico.<\/span><\/span><\/p>\n<figure id=\"attachment_69415\"  class=\"figure alignnone\" style=\"width: 857px;\"><img loading=\"lazy\" decoding=\"async\" class=\"wp-image-69415 size-site-padrao\" src=\"https:\/\/www.crea-mt.org.br\/portal\/wp-content\/uploads\/2026\/04\/90afad0f-71a1-4c35-b55d-bc74c0830da2-e1777564350570-847x654.png\" alt=\"\" width=\"847\" height=\"654\" srcset=\"https:\/\/www.crea-mt.org.br\/portal\/wp-content\/uploads\/2026\/04\/90afad0f-71a1-4c35-b55d-bc74c0830da2-e1777564350570-847x654.png 847w, https:\/\/www.crea-mt.org.br\/portal\/wp-content\/uploads\/2026\/04\/90afad0f-71a1-4c35-b55d-bc74c0830da2-e1777564350570-768x593.png 768w, https:\/\/www.crea-mt.org.br\/portal\/wp-content\/uploads\/2026\/04\/90afad0f-71a1-4c35-b55d-bc74c0830da2-e1777564350570-543x419.png 543w, https:\/\/www.crea-mt.org.br\/portal\/wp-content\/uploads\/2026\/04\/90afad0f-71a1-4c35-b55d-bc74c0830da2-e1777564350570-336x260.png 336w, https:\/\/www.crea-mt.org.br\/portal\/wp-content\/uploads\/2026\/04\/90afad0f-71a1-4c35-b55d-bc74c0830da2-e1777564350570-360x278.png 360w, https:\/\/www.crea-mt.org.br\/portal\/wp-content\/uploads\/2026\/04\/90afad0f-71a1-4c35-b55d-bc74c0830da2-e1777564350570-1024x791.png 1024w, https:\/\/www.crea-mt.org.br\/portal\/wp-content\/uploads\/2026\/04\/90afad0f-71a1-4c35-b55d-bc74c0830da2-e1777564350570.png 1327w\" sizes=\"auto, (max-width: 847px) 100vw, 847px\" \/><figcaption class=\"figure-caption\">Diretor do IFMT\u2013 Campus V\u00e1rzea Grande, Jo\u00e3o Beraldo, presidente da AEAM-MT, eng. ambiental Katiene Moura da Silva, e inspetor do Crea-MT em V\u00e1rzea Grande, eng. civil Vanor Arantes<\/figcaption><\/figure>\n<p data-start=\"1034\" data-end=\"1683\">A programa\u00e7\u00e3o teve in\u00edcio com a palestra \u201cPGRS Al\u00e9m do Documento\u201d, ministrada pela professora <span class=\"hover:entity-accent entity-underline inline cursor-pointer align-baseline\"><span class=\"whitespace-normal\">Karytany Ulian Dalla Costa<\/span><\/span>, que abordou a aplica\u00e7\u00e3o pr\u00e1tica do Plano de Gerenciamento de Res\u00edduos S\u00f3lidos, destacando estrat\u00e9gias para transformar exig\u00eancias normativas em a\u00e7\u00f5es efetivas no cotidiano profissional. Em seguida, os professores <span class=\"hover:entity-accent entity-underline inline cursor-pointer align-baseline\"><span class=\"whitespace-normal\">Jhonatan Barbosa da Silva<\/span><\/span> e <span class=\"hover:entity-accent entity-underline inline cursor-pointer align-baseline\"><span class=\"whitespace-normal\">Carlos Eduardo Pereira de Morais<\/span><\/span> conduziram a palestra \u201cDo Efluente ao Nutriente \u2013 Gest\u00e3o, Tratamento e Fertirriga\u00e7\u00e3o na Cadeia da Suinocultura\u201d, apresentando alternativas voltadas ao reaproveitamento de res\u00edduos e \u00e0 efici\u00eancia ambiental na cadeia produtiva.<\/p>\n<figure id=\"attachment_69416\"  class=\"figure alignnone\" style=\"width: 857px;\"><img loading=\"lazy\" decoding=\"async\" class=\"wp-image-69416 size-site-padrao\" src=\"https:\/\/www.crea-mt.org.br\/portal\/wp-content\/uploads\/2026\/04\/IMG_2677-1-847x566.jpg\" alt=\"\" width=\"847\" height=\"566\" srcset=\"https:\/\/www.crea-mt.org.br\/portal\/wp-content\/uploads\/2026\/04\/IMG_2677-1-847x566.jpg 847w, https:\/\/www.crea-mt.org.br\/portal\/wp-content\/uploads\/2026\/04\/IMG_2677-1-768x513.jpg 768w, https:\/\/www.crea-mt.org.br\/portal\/wp-content\/uploads\/2026\/04\/IMG_2677-1-1536x1026.jpg 1536w, https:\/\/www.crea-mt.org.br\/portal\/wp-content\/uploads\/2026\/04\/IMG_2677-1-2048x1368.jpg 2048w, https:\/\/www.crea-mt.org.br\/portal\/wp-content\/uploads\/2026\/04\/IMG_2677-1-543x363.jpg 543w, https:\/\/www.crea-mt.org.br\/portal\/wp-content\/uploads\/2026\/04\/IMG_2677-1-336x225.jpg 336w\" sizes=\"auto, (max-width: 847px) 100vw, 847px\" \/><figcaption class=\"figure-caption\">1\u00aa Palestrante, professora Karytany Ulian Dalla Costa<\/figcaption><\/figure>\n<p data-start=\"1685\" data-end=\"2254\">Para a presidente da AEAM-MT, <span class=\"hover:entity-accent entity-underline inline cursor-pointer align-baseline\"><span class=\"whitespace-normal\">Katiene Moura da Silva<\/span><\/span>, o semin\u00e1rio alcan\u00e7ou resultados expressivos ao promover um ambiente de troca de experi\u00eancias e atualiza\u00e7\u00e3o t\u00e9cnica.<\/p>\n<p data-start=\"1685\" data-end=\"2254\">\u201cFico muito feliz com o resultado do Semin\u00e1rio, n\u00e3o s\u00f3 pelo audit\u00f3rio cheio com quase 200 pessoas, mas pela qualidade do p\u00fablico, com engenheiros, profissionais do poder p\u00fablico e estudantes realmente engajados e participativos at\u00e9 o final. Conseguimos discutir temas t\u00e9cnicos de forma aplicada, como o PGRS saindo do papel para a pr\u00e1tica e a transforma\u00e7\u00e3o de efluentes em recursos produtivos na fertirriga\u00e7\u00e3o, mostrando que a gest\u00e3o ambiental precisa ser eficiente e vi\u00e1vel no dia a dia. Tenho certeza de que cumprimos nosso objetivo de fortalecer o conhecimento e gerar conex\u00f5es que impactam diretamente a atua\u00e7\u00e3o profissional e o desenvolvimento sustent\u00e1vel da nossa regi\u00e3o, e deixo aqui tamb\u00e9m meu agradecimento ao Crea-MT pelo apoio e pela iniciativa de patrocinar eventos como este, que fortalecem toda a nossa classe\u201d, destacou a presidente da AEAM-MT.<\/p>\n<p data-start=\"1685\" data-end=\"2254\">Confira a Galeria de Fotos do evento <a href=\"https:\/\/www.crea-mt.org.br\/portal\/galerias\/aeam-realiza-seminario-de-gestao-ambiental-2026\/\">aqui<\/a>.<\/p>\n<h3 data-start=\"1685\" data-end=\"2254\">Edital de Chamamento P\u00fablico do Crea-MT<\/h3>\n<p>O evento foi realizado com recursos do Edital de Chamamento P\u00fablico n\u00ba 001\/2026, disponibilizados pelo CREA-MT. O edital tem como objetivo apoiar projetos desenvolvidos pelas entidades de classe e institui\u00e7\u00f5es de ensino, sem fins lucrativos, voltados a valoriza\u00e7\u00e3o profissional, a qualifica\u00e7\u00e3o t\u00e9cnica e o desenvolvimento das engenharias, agronomia e geoci\u00eancias em Mato Grosso.<\/p>\n<p><strong>Texto: Assessoria de Comunica\u00e7\u00e3o do Crea-MT<\/strong><\/p>\n","protected":false},"excerpt":{"rendered":"<p>A Associa\u00e7\u00e3o dos Engenheiros Ambientais de Mato Grosso (AEAM-MT), em parceria com o Conselho Regional de Engenharia e Agronomia de Mato Grosso (Crea-MT), realizou o Semin\u00e1rio de Gest\u00e3o Ambiental 2026 nesta ter\u00e7a- feira (28). O evento aconteceu no audit\u00f3rio do Instituto Federal de Mato Grosso \u2013 Campus V\u00e1rzea Grande, a partir das 18h30, e reuniu [&hellip;]<\/p>\n","protected":false},"author":2,"featured_media":69413,"comment_status":"closed","ping_status":"closed","sticky":false,"template":"","format":"standard","meta":{"footnotes":""},"categories":[9,1],"tags":[],"class_list":["post-69412","post","type-post","status-publish","format-standard","has-post-thumbnail","hentry","category-destaque","category-noticias"],"acf":[],"_links":{"self":[{"href":"https:\/\/www.crea-mt.org.br\/portal\/wp-json\/wp\/v2\/posts\/69412","targetHints":{"allow":["GET"]}}],"collection":[{"href":"https:\/\/www.crea-mt.org.br\/portal\/wp-json\/wp\/v2\/posts"}],"about":[{"href":"https:\/\/www.crea-mt.org.br\/portal\/wp-json\/wp\/v2\/types\/post"}],"author":[{"embeddable":true,"href":"https:\/\/www.crea-mt.org.br\/portal\/wp-json\/wp\/v2\/users\/2"}],"replies":[{"embeddable":true,"href":"https:\/\/www.crea-mt.org.br\/portal\/wp-json\/wp\/v2\/comments?post=69412"}],"version-history":[{"count":5,"href":"https:\/\/www.crea-mt.org.br\/portal\/wp-json\/wp\/v2\/posts\/69412\/revisions"}],"predecessor-version":[{"id":69422,"href":"https:\/\/www.crea-mt.org.br\/portal\/wp-json\/wp\/v2\/posts\/69412\/revisions\/69422"}],"wp:featuredmedia":[{"embeddable":true,"href":"https:\/\/www.crea-mt.org.br\/portal\/wp-json\/wp\/v2\/media\/69413"}],"wp:attachment":[{"href":"https:\/\/www.crea-mt.org.br\/portal\/wp-json\/wp\/v2\/media?parent=69412"}],"wp:term":[{"taxonomy":"category","embeddable":true,"href":"https:\/\/www.crea-mt.org.br\/portal\/wp-json\/wp\/v2\/categories?post=69412"},{"taxonomy":"post_tag","embeddable":true,"href":"https:\/\/www.crea-mt.org.br\/portal\/wp-json\/wp\/v2\/tags?post=69412"}],"curies":[{"name":"wp","href":"https:\/\/api.w.org\/{rel}","templated":true}]}}