{"id":6941,"date":"2007-03-23T00:00:00","date_gmt":"2007-03-23T03:00:00","guid":{"rendered":"https:\/\/crea-mt.org.br\/portal\/seminario-aborda-facilitacao-do-acesso-aos-portadores-de-deficiencia-2\/"},"modified":"2007-03-23T00:00:00","modified_gmt":"2007-03-23T03:00:00","slug":"seminario-aborda-facilitacao-do-acesso-aos-portadores-de-deficiencia-2","status":"publish","type":"post","link":"https:\/\/www.crea-mt.org.br\/portal\/seminario-aborda-facilitacao-do-acesso-aos-portadores-de-deficiencia-2\/","title":{"rendered":"Semin\u00e1rio aborda facilita\u00e7\u00e3o do acesso aos portadores de defici\u00eancia"},"content":{"rendered":"<p>DATA: Quinta e Sexta-feira (22 e 23.03)<\/p>\n<p>HOR\u00c1RIO: Das 19h \u00e0s 22h<\/p>\n<p>LOCAL: Avenida Arthur Bernardes, no audit\u00f3rio da AMEC-Unic, Campus de V\u00e1rzea Grande. Pr\u00f3ximo ao Ciretran.<\/p>\n<p>INFORMA\u00c7\u00d5ES: Assessoria de Comunica\u00e7\u00e3o do Crea\/MT <\/p>\n<p>TELEFONES: 3315-3027 \/ 9974-2686 (Rafaela Maximiano) \/ 9206-6762 (Cristina Cavaleiro).<\/p>\n<p>A partir de abril os estabelecimentos p\u00fablicos e privados ter\u00e3o que estar adaptados \u00e0s exig\u00eancias da lei que estabelece normas gerais e crit\u00e9rios b\u00e1sicos para promo\u00e7\u00e3o da acessibilidade das pessoas portadoras de defici\u00eancia ou com mobilidade reduzida &#8211; Lei n\u00ba10.098\/2000. <\/p>\n<p>Pensando nisso a Associa\u00e7\u00e3o dos Engenheiros, Arquitetos e T\u00e9cnicos de V\u00e1rzea Grande (AEVAG), o Conselho Regional de Engenharia, Arquitetura e Agronomia de Mato Grosso (Crea-MT), a Prefeitura de V\u00e1rzea Grande, o Minist\u00e9rio P\u00fablico Estadual (MPE) e a Associa\u00e7\u00e3o de Deficientes F\u00edsicos de Mato Grosso est\u00e3o trabalhando desde junho do ano passado para fazer com que essa lei saia do papel.<\/p>\n<p>Como a\u00e7\u00e3o efetiva os parceiros realizam nos dias 22 e 23 de mar\u00e7o, o 1\u00ba Semin\u00e1rio T\u00e9cnico da AEVAG com o tema &#8220;Acessibilidade &#8211; Redu\u00e7\u00e3o das barreiras arquitet\u00f4nicas&#8221;. O evento \u00e9 aberto ao p\u00fablico e a profissionais da \u00e1rea. Para fazer a inscri\u00e7\u00e3o basta levar 1kg de alimento n\u00e3o perec\u00edvel. O semin\u00e1rio ocorrer\u00e1 das 19h \u00e0s 22h nos dois dias, no audit\u00f3rio da AMEC-Unic, Campus de V\u00e1rzea Grande.<\/p>\n<p>Os principais enfoques do semin\u00e1rio ser\u00e3o a facilita\u00e7\u00e3o do acesso aos portadores de necessidades especiais e \u00e0s pessoas da terceira idade; a legisla\u00e7\u00e3o aplic\u00e1vel, bem como as Normas T\u00e9cnicas para aplica\u00e7\u00e3o; o mercado de trabalho que se abre para os profissionais; os projetos do Governo Federal para o tema al\u00e9m da vis\u00e3o do Poder Judici\u00e1rio, em busca do cumprimento da Legisla\u00e7\u00e3o.<\/p>\n<p>O evento nacional tem a finalidade de analisar os obst\u00e1culos e avan\u00e7os da legisla\u00e7\u00e3o que entra em vigor no in\u00edcio de abril, al\u00e9m de ampliar a capacidade de participa\u00e7\u00e3o em torno da dignidade, dos direitos e da igualdade de oportunidades levando a todos um novo paradigma de respeito \u00e0s diferen\u00e7as. <\/p>\n<p>CONFIRA A PROGRAMA\u00c7\u00c3O COMPLETA DO EVENTO:<\/p>\n<p>Dia: 22\/03 (Quinta-feira)<\/p>\n<p>19h &#8211; Abertura<br \/>\n19h30 &#8211; Palestra: Programa Brasileiro de Mobilidade Urbana &#8211; Brasil Acess\u00edvel<br \/>\nPalestrante: Arquiteto e Urbanista do Minist\u00e9rio das Cidades &#8211; Augusto Voliengo Valari<br \/>\n21h &#8211; Coffe Break<br \/>\n21h15 &#8211; Manual de Vias P\u00fablicas: Cal\u00e7adas como instrumento para melhoria da Acessibilidade urbana.<br \/>\nPalestrante: Arquiteta Adriana Bussiki<br \/>\n21h45 &#8211; Palestra: Medidas para o cumprimento da Legisla\u00e7\u00e3o no munic\u00edpio.<br \/>\nPalestrante: Prefeitura de V\u00e1rzea Grande<br \/>\n22h &#8211; Encerramento<\/p>\n<p>Dia 23\/03 (Sexta-feira)<\/p>\n<p>19h &#8211; Palestra: O que o Brasil espera dos seus t\u00e9cnicos: o conhecimento, a causa e o efeito.<br \/>\nPalestrante: Engenheiro Civil Aroldo Abussafi Figueir\u00f3, Vice-presidente do CREA-MS.<br \/>\n20h30 &#8211; Coffe Break<br \/>\n20h45 &#8211; Espa\u00e7o aberto para perguntas objetivando debate ao palestrante.<br \/>\n22h &#8211; Encerramento <\/p>\n","protected":false},"excerpt":{"rendered":"<p>DATA: Quinta e Sexta-feira (22 e 23.03) HOR\u00c1RIO: Das 19h \u00e0s 22h LOCAL: Avenida Arthur Bernardes, no audit\u00f3rio da AMEC-Unic, Campus de V\u00e1rzea Grande. Pr\u00f3ximo ao Ciretran. INFORMA\u00c7\u00d5ES: Assessoria de Comunica\u00e7\u00e3o do Crea\/MT TELEFONES: 3315-3027 \/ 9974-2686 (Rafaela Maximiano) \/ 9206-6762 (Cristina Cavaleiro). A partir de abril os estabelecimentos p\u00fablicos e privados ter\u00e3o que estar [&hellip;]<\/p>\n","protected":false},"author":1,"featured_media":0,"comment_status":"open","ping_status":"open","sticky":false,"template":"","format":"standard","meta":{"footnotes":""},"categories":[1],"tags":[],"class_list":["post-6941","post","type-post","status-publish","format-standard","hentry","category-noticias"],"acf":[],"_links":{"self":[{"href":"https:\/\/www.crea-mt.org.br\/portal\/wp-json\/wp\/v2\/posts\/6941","targetHints":{"allow":["GET"]}}],"collection":[{"href":"https:\/\/www.crea-mt.org.br\/portal\/wp-json\/wp\/v2\/posts"}],"about":[{"href":"https:\/\/www.crea-mt.org.br\/portal\/wp-json\/wp\/v2\/types\/post"}],"author":[{"embeddable":true,"href":"https:\/\/www.crea-mt.org.br\/portal\/wp-json\/wp\/v2\/users\/1"}],"replies":[{"embeddable":true,"href":"https:\/\/www.crea-mt.org.br\/portal\/wp-json\/wp\/v2\/comments?post=6941"}],"version-history":[{"count":0,"href":"https:\/\/www.crea-mt.org.br\/portal\/wp-json\/wp\/v2\/posts\/6941\/revisions"}],"wp:attachment":[{"href":"https:\/\/www.crea-mt.org.br\/portal\/wp-json\/wp\/v2\/media?parent=6941"}],"wp:term":[{"taxonomy":"category","embeddable":true,"href":"https:\/\/www.crea-mt.org.br\/portal\/wp-json\/wp\/v2\/categories?post=6941"},{"taxonomy":"post_tag","embeddable":true,"href":"https:\/\/www.crea-mt.org.br\/portal\/wp-json\/wp\/v2\/tags?post=6941"}],"curies":[{"name":"wp","href":"https:\/\/api.w.org\/{rel}","templated":true}]}}