{"id":6939,"date":"2007-03-26T00:00:00","date_gmt":"2007-03-26T03:00:00","guid":{"rendered":"https:\/\/crea-mt.org.br\/portal\/lula-deve-resolver-pendencias-da-reforma-ministerial-nesta-semana\/"},"modified":"2007-03-26T00:00:00","modified_gmt":"2007-03-26T03:00:00","slug":"lula-deve-resolver-pendencias-da-reforma-ministerial-nesta-semana","status":"publish","type":"post","link":"https:\/\/www.crea-mt.org.br\/portal\/lula-deve-resolver-pendencias-da-reforma-ministerial-nesta-semana\/","title":{"rendered":"Lula deve resolver pend\u00eancias da reforma ministerial nesta semana"},"content":{"rendered":"<p>Fonte: Folha Online<\/p>\n<p>O presidente Luiz In\u00e1cio Lula da Silva deve finalizar a reforma ministerial do seu segundo mandato nesta semana. Entre as pastas que aguardam defini\u00e7\u00e3o est\u00e3o Transportes, Desenvolvimento Agr\u00e1rio, Previd\u00eancia e Defesa. Lula tamb\u00e9m deve decidir se vai criar ou n\u00e3o a Secretaria de Portos &#8211;que ter\u00e1 status de minist\u00e9rio.<\/p>\n<p>O Minist\u00e9rio dos Transportes deve ficar com Alfredo Nascimento, do PR. Ele s\u00f3 n\u00e3o assumiu o posto porque o PR tenta barrar a cria\u00e7\u00e3o da Secretaria de Portos &#8211;que deve ser entregue ao PSB. <\/p>\n<p>Para o PR, a cria\u00e7\u00e3o da secretaria esvazia os poderes do Minist\u00e9rio dos Transportes. Para encerrar a pol\u00eamica, Lula se re\u00fane hoje com Nascimento. Se a conversa avan\u00e7ar, Nascimento pode assumir seu lugar na Esplanada amanh\u00e3.<\/p>\n<p>A expectativa \u00e9 que o PR desista de boicotar a cria\u00e7\u00e3o da Secretaria de Portos, o que abrir\u00e1 caminho para o presidente nomear Pedro Britto (ex-ministro da Integra\u00e7\u00e3o), do PSB, para o lugar. Com isso, Lula tenta prestigiar o PSB, que na reforma ministerial perdeu a Integra\u00e7\u00e3o para o PMDB (Geddel Vieira) e reclamou publicamente da redu\u00e7\u00e3o de espa\u00e7o no governo.<\/p>\n<p>J\u00e1 a Previd\u00eancia deve ficar com o PDT. O partido entregou a Lula uma lista com duas indica\u00e7\u00f5es: o presidente do partido, Carlos Lupi, e o secret\u00e1rio-geral da legenda, Manuel Dias. Tamb\u00e9m s\u00e3o cotados o ex-governador Ronaldo Lessa (AL) e o l\u00edder do PDT na C\u00e2mara, Miro Teixeira (RJ). <\/p>\n<p>Para o Desenvolvimento Agr\u00e1rio, a corrente petista DS (Democracia Socialista) manteve a indica\u00e7\u00e3o do atual ministro, Guilherme Cassel. Tamb\u00e9m eram cotados para a pasta o ex-ministro Miguel Rossetto (que recusou o convite), al\u00e9m do deputado Walter Pinheiro (PT-BA) e do dirigente petista Joaquim Soriano.<\/p>\n<p>Tamb\u00e9m est\u00e1 em situa\u00e7\u00e3o indefinida o ministro Waldir Pires (Defesa), j\u00e1 que cresceu dentro do Planalto o grupo que defende a sua substitui\u00e7\u00e3o. Contra ele est\u00e1 a recente crise do controle do tr\u00e1fego a\u00e9reo. \u00c9 cotado para o seu lugar o deputado Aldo Rebelo (PC do B-SP). <\/p>\n<p>Definidos<\/p>\n<p>Entre os que t\u00eam seu lugar reservado na Esplanada dos Minist\u00e9rios est\u00e3o Miguel Jorge e Franklin Martins. <\/p>\n<p>Jorge assumir\u00e1 o Minist\u00e9rio do Desenvolvimento, no lugar de Luiz Fernando Furlan. J\u00e1 Franklin ficar\u00e1 com a nova secretaria de imprensa &#8211;que tamb\u00e9m ter\u00e1 status de minist\u00e9rio.<\/p>\n","protected":false},"excerpt":{"rendered":"<p>Fonte: Folha Online O presidente Luiz In\u00e1cio Lula da Silva deve finalizar a reforma ministerial do seu segundo mandato nesta semana. Entre as pastas que aguardam defini\u00e7\u00e3o est\u00e3o Transportes, Desenvolvimento Agr\u00e1rio, Previd\u00eancia e Defesa. Lula tamb\u00e9m deve decidir se vai criar ou n\u00e3o a Secretaria de Portos &#8211;que ter\u00e1 status de minist\u00e9rio. O Minist\u00e9rio dos [&hellip;]<\/p>\n","protected":false},"author":1,"featured_media":0,"comment_status":"open","ping_status":"open","sticky":false,"template":"","format":"standard","meta":{"footnotes":""},"categories":[1],"tags":[],"class_list":["post-6939","post","type-post","status-publish","format-standard","hentry","category-noticias"],"acf":[],"_links":{"self":[{"href":"https:\/\/www.crea-mt.org.br\/portal\/wp-json\/wp\/v2\/posts\/6939","targetHints":{"allow":["GET"]}}],"collection":[{"href":"https:\/\/www.crea-mt.org.br\/portal\/wp-json\/wp\/v2\/posts"}],"about":[{"href":"https:\/\/www.crea-mt.org.br\/portal\/wp-json\/wp\/v2\/types\/post"}],"author":[{"embeddable":true,"href":"https:\/\/www.crea-mt.org.br\/portal\/wp-json\/wp\/v2\/users\/1"}],"replies":[{"embeddable":true,"href":"https:\/\/www.crea-mt.org.br\/portal\/wp-json\/wp\/v2\/comments?post=6939"}],"version-history":[{"count":0,"href":"https:\/\/www.crea-mt.org.br\/portal\/wp-json\/wp\/v2\/posts\/6939\/revisions"}],"wp:attachment":[{"href":"https:\/\/www.crea-mt.org.br\/portal\/wp-json\/wp\/v2\/media?parent=6939"}],"wp:term":[{"taxonomy":"category","embeddable":true,"href":"https:\/\/www.crea-mt.org.br\/portal\/wp-json\/wp\/v2\/categories?post=6939"},{"taxonomy":"post_tag","embeddable":true,"href":"https:\/\/www.crea-mt.org.br\/portal\/wp-json\/wp\/v2\/tags?post=6939"}],"curies":[{"name":"wp","href":"https:\/\/api.w.org\/{rel}","templated":true}]}}