{"id":6938,"date":"2007-03-26T00:00:00","date_gmt":"2007-03-26T03:00:00","guid":{"rendered":"https:\/\/crea-mt.org.br\/portal\/reajuste-de-327-sai-ate-dia-15\/"},"modified":"2007-03-26T00:00:00","modified_gmt":"2007-03-26T03:00:00","slug":"reajuste-de-327-sai-ate-dia-15","status":"publish","type":"post","link":"https:\/\/www.crea-mt.org.br\/portal\/reajuste-de-327-sai-ate-dia-15\/","title":{"rendered":"Reajuste de 3,27% sai at\u00e9 dia 15"},"content":{"rendered":"<p>Fonte:Folha On Line<\/p>\n<p>Os cerca de 8,2 milh\u00f5es de aposentados e pensionistas do INSS que ganham mais que um sal\u00e1rio m\u00ednimo saber\u00e3o, at\u00e9 o dia 15 do m\u00eas que vem, qual ser\u00e1 o valor de seus benef\u00edcios a partir do pagamento de maio. O reajuste, provavelmente, n\u00e3o ser\u00e1 muito diferente de 3,27%. Para os demais aposentados que ganham um sal\u00e1rio m\u00ednimo, o reajuste vai ser de 8,57%. <\/p>\n<p>O \u00edndice representa a infla\u00e7\u00e3o acumulada desde o \u00faltimo reajuste, concedido em abril de 2006, estima Jos\u00e9 Dutra Vieira Sobrinho, economista e professor de matem\u00e1tica financeira do Ibmec. <\/p>\n<p>A data foi anunciada na \u00faltima sexta-feira pelo secret\u00e1rio de Pol\u00edticas da Previd\u00eancia, Helmut Schwarzer, em evento do Sinafresp (sindicato dos agentes fiscais de renda de S\u00e3o Paulo). <\/p>\n<p>O Minist\u00e9rio da Previd\u00eancia aguarda, apenas, a divulga\u00e7\u00e3o do INPC (\u00cdndice Nacional de Pre\u00e7os ao Consumidor) relativo ao m\u00eas de mar\u00e7o. O \u00edndice \u00e9 calculado pelo IBGE (Instituto Brasileiro de Geografia e Estat\u00edstica). <\/p>\n<p>&#8220;O INPC deve sair no dia 11 [10, segundo o IBGE]. Como a folha de pagamento do INSS fecha por volta do dia 15, entre o dia 11 e o dia 15, pode sair uma portaria [que dar\u00e1 o reajuste]&#8221;, disse Schwarzer. <\/p>\n<p>A corre\u00e7\u00e3o \u00e9 em abril, pois esse \u00e9 o m\u00eas de compet\u00eancia do pagamento feito em maio. <\/p>\n<p>INFLA\u00c7\u00c3O &#8211; Schwarzer confirmou a inten\u00e7\u00e3o do governo de s\u00f3 compensar a infla\u00e7\u00e3o acumulada desde o \u00faltimo reajuste, em abril &#8211; 3,27%, estima o professor de matem\u00e1tica financeira do Ibmec. <\/p>\n<p>Ao apenas repor a infla\u00e7\u00e3o, o governo n\u00e3o melhora o poder de compra do aposentado. Ou seja, ele poder\u00e1 &#8220;comprar, no ano que vem, a mesma coisa que comprou neste ano&#8221;, disse Schwarzer. <\/p>\n","protected":false},"excerpt":{"rendered":"<p>Fonte:Folha On Line Os cerca de 8,2 milh\u00f5es de aposentados e pensionistas do INSS que ganham mais que um sal\u00e1rio m\u00ednimo saber\u00e3o, at\u00e9 o dia 15 do m\u00eas que vem, qual ser\u00e1 o valor de seus benef\u00edcios a partir do pagamento de maio. O reajuste, provavelmente, n\u00e3o ser\u00e1 muito diferente de 3,27%. Para os demais [&hellip;]<\/p>\n","protected":false},"author":1,"featured_media":0,"comment_status":"open","ping_status":"open","sticky":false,"template":"","format":"standard","meta":{"footnotes":""},"categories":[1],"tags":[],"class_list":["post-6938","post","type-post","status-publish","format-standard","hentry","category-noticias"],"acf":[],"_links":{"self":[{"href":"https:\/\/www.crea-mt.org.br\/portal\/wp-json\/wp\/v2\/posts\/6938","targetHints":{"allow":["GET"]}}],"collection":[{"href":"https:\/\/www.crea-mt.org.br\/portal\/wp-json\/wp\/v2\/posts"}],"about":[{"href":"https:\/\/www.crea-mt.org.br\/portal\/wp-json\/wp\/v2\/types\/post"}],"author":[{"embeddable":true,"href":"https:\/\/www.crea-mt.org.br\/portal\/wp-json\/wp\/v2\/users\/1"}],"replies":[{"embeddable":true,"href":"https:\/\/www.crea-mt.org.br\/portal\/wp-json\/wp\/v2\/comments?post=6938"}],"version-history":[{"count":0,"href":"https:\/\/www.crea-mt.org.br\/portal\/wp-json\/wp\/v2\/posts\/6938\/revisions"}],"wp:attachment":[{"href":"https:\/\/www.crea-mt.org.br\/portal\/wp-json\/wp\/v2\/media?parent=6938"}],"wp:term":[{"taxonomy":"category","embeddable":true,"href":"https:\/\/www.crea-mt.org.br\/portal\/wp-json\/wp\/v2\/categories?post=6938"},{"taxonomy":"post_tag","embeddable":true,"href":"https:\/\/www.crea-mt.org.br\/portal\/wp-json\/wp\/v2\/tags?post=6938"}],"curies":[{"name":"wp","href":"https:\/\/api.w.org\/{rel}","templated":true}]}}