{"id":6937,"date":"2007-03-26T00:00:00","date_gmt":"2007-03-26T03:00:00","guid":{"rendered":"https:\/\/crea-mt.org.br\/portal\/o-que-pode-ou-nao-ser-deduzido-neste-ano\/"},"modified":"2007-03-26T00:00:00","modified_gmt":"2007-03-26T03:00:00","slug":"o-que-pode-ou-nao-ser-deduzido-neste-ano","status":"publish","type":"post","link":"https:\/\/www.crea-mt.org.br\/portal\/o-que-pode-ou-nao-ser-deduzido-neste-ano\/","title":{"rendered":"O que pode ou n\u00e3o ser deduzido neste ano"},"content":{"rendered":"<p>Os contribuintes poder\u00e3o deduzir despesas com educa\u00e7\u00e3o pr\u00f3prias e de seus dependentes at\u00e9 o limite anual individual de R$ 2.373,84, na Declara\u00e7\u00e3o de Imposto de Renda\/2007. O valor dos gastos que ultrapassar esse limite n\u00e3o pode ser aproveitado nem mesmo para compensar gastos de valor inferior ao estabelecido. Podem ser deduzidos os pagamentos \u00e0s escolas de educa\u00e7\u00e3o infantil (creches e pr\u00e9-escolas), ensino fundamental, ensino m\u00e9dio, educa\u00e7\u00e3o superior (cursos de gradua\u00e7\u00e3o e p\u00f3s-gradua\u00e7\u00e3o como mestrado, doutorado e especializa\u00e7\u00e3o) e educa\u00e7\u00e3o profissional (ensino t\u00e9cnico e tecnol\u00f3gico).<\/p>\n<p>Fonte:Di\u00e1rio de Cuiab\u00e1 <\/p>\n","protected":false},"excerpt":{"rendered":"<p>Os contribuintes poder\u00e3o deduzir despesas com educa\u00e7\u00e3o pr\u00f3prias e de seus dependentes at\u00e9 o limite anual individual de R$ 2.373,84, na Declara\u00e7\u00e3o de Imposto de Renda\/2007. O valor dos gastos que ultrapassar esse limite n\u00e3o pode ser aproveitado nem mesmo para compensar gastos de valor inferior ao estabelecido. Podem ser deduzidos os pagamentos \u00e0s escolas [&hellip;]<\/p>\n","protected":false},"author":1,"featured_media":0,"comment_status":"open","ping_status":"open","sticky":false,"template":"","format":"standard","meta":{"footnotes":""},"categories":[1],"tags":[],"class_list":["post-6937","post","type-post","status-publish","format-standard","hentry","category-noticias"],"acf":[],"_links":{"self":[{"href":"https:\/\/www.crea-mt.org.br\/portal\/wp-json\/wp\/v2\/posts\/6937","targetHints":{"allow":["GET"]}}],"collection":[{"href":"https:\/\/www.crea-mt.org.br\/portal\/wp-json\/wp\/v2\/posts"}],"about":[{"href":"https:\/\/www.crea-mt.org.br\/portal\/wp-json\/wp\/v2\/types\/post"}],"author":[{"embeddable":true,"href":"https:\/\/www.crea-mt.org.br\/portal\/wp-json\/wp\/v2\/users\/1"}],"replies":[{"embeddable":true,"href":"https:\/\/www.crea-mt.org.br\/portal\/wp-json\/wp\/v2\/comments?post=6937"}],"version-history":[{"count":0,"href":"https:\/\/www.crea-mt.org.br\/portal\/wp-json\/wp\/v2\/posts\/6937\/revisions"}],"wp:attachment":[{"href":"https:\/\/www.crea-mt.org.br\/portal\/wp-json\/wp\/v2\/media?parent=6937"}],"wp:term":[{"taxonomy":"category","embeddable":true,"href":"https:\/\/www.crea-mt.org.br\/portal\/wp-json\/wp\/v2\/categories?post=6937"},{"taxonomy":"post_tag","embeddable":true,"href":"https:\/\/www.crea-mt.org.br\/portal\/wp-json\/wp\/v2\/tags?post=6937"}],"curies":[{"name":"wp","href":"https:\/\/api.w.org\/{rel}","templated":true}]}}