{"id":69361,"date":"2026-04-30T15:07:27","date_gmt":"2026-04-30T19:07:27","guid":{"rendered":"https:\/\/www.crea-mt.org.br\/portal\/?p=69361"},"modified":"2026-04-30T15:07:27","modified_gmt":"2026-04-30T19:07:27","slug":"crea-mt-informa-sobre-expediente-no-feriado-nacional-de-dia-do-trabalhador","status":"publish","type":"post","link":"https:\/\/www.crea-mt.org.br\/portal\/crea-mt-informa-sobre-expediente-no-feriado-nacional-de-dia-do-trabalhador\/","title":{"rendered":"Crea-MT informa sobre expediente no feriado nacional de Dia do Trabalhador"},"content":{"rendered":"<p><img loading=\"lazy\" decoding=\"async\" class=\"size-site-padrao wp-image-58348 aligncenter\" src=\"https:\/\/www.crea-mt.org.br\/portal\/wp-content\/uploads\/2025\/04\/Template-feed-Retrato-21-e1744900034468-847x387.png\" alt=\"\" width=\"847\" height=\"387\" srcset=\"https:\/\/www.crea-mt.org.br\/portal\/wp-content\/uploads\/2025\/04\/Template-feed-Retrato-21-e1744900034468-847x387.png 847w, https:\/\/www.crea-mt.org.br\/portal\/wp-content\/uploads\/2025\/04\/Template-feed-Retrato-21-e1744900034468-768x351.png 768w, https:\/\/www.crea-mt.org.br\/portal\/wp-content\/uploads\/2025\/04\/Template-feed-Retrato-21-e1744900034468-543x248.png 543w, https:\/\/www.crea-mt.org.br\/portal\/wp-content\/uploads\/2025\/04\/Template-feed-Retrato-21-e1744900034468-336x153.png 336w, https:\/\/www.crea-mt.org.br\/portal\/wp-content\/uploads\/2025\/04\/Template-feed-Retrato-21-e1744900034468-360x164.png 360w, https:\/\/www.crea-mt.org.br\/portal\/wp-content\/uploads\/2025\/04\/Template-feed-Retrato-21-e1744900034468-1024x467.png 1024w, https:\/\/www.crea-mt.org.br\/portal\/wp-content\/uploads\/2025\/04\/Template-feed-Retrato-21-e1744900034468.png 1080w\" sizes=\"auto, (max-width: 847px) 100vw, 847px\" \/><\/p>\n<p>&nbsp;<\/p>\n<p>O Conselho Regional de Engenharia e Agronomia de Mato Grosso (Crea-MT) informa que, em virtude do feriado nacional de <strong>Dia do Trabalhador<\/strong>, nesta sexta-feira (1\u00b0), n\u00e3o haver\u00e1 expediente em suas unidades.<\/p>\n<p>As atividades ser\u00e3o retomadas normalmente na<strong> segunda-feira (04)<\/strong>.<\/p>\n<p>Vale ressaltar que o Crea-MT disponibiliza servi\u00e7os online, como emiss\u00e3o de ART, certid\u00f5es e consultas, atrav\u00e9s do sistema eCrea, que permanecem em funcionamento durante os feriados e finais de semana.<\/p>\n","protected":false},"excerpt":{"rendered":"<p>&nbsp; O Conselho Regional de Engenharia e Agronomia de Mato Grosso (Crea-MT) informa que, em virtude do feriado nacional de Dia do Trabalhador, nesta sexta-feira (1\u00b0), n\u00e3o haver\u00e1 expediente em suas unidades. As atividades ser\u00e3o retomadas normalmente na segunda-feira (04). Vale ressaltar que o Crea-MT disponibiliza servi\u00e7os online, como emiss\u00e3o de ART, certid\u00f5es e consultas, [&hellip;]<\/p>\n","protected":false},"author":2,"featured_media":58348,"comment_status":"closed","ping_status":"closed","sticky":false,"template":"","format":"standard","meta":{"footnotes":""},"categories":[1],"tags":[],"class_list":["post-69361","post","type-post","status-publish","format-standard","has-post-thumbnail","hentry","category-noticias"],"acf":[],"_links":{"self":[{"href":"https:\/\/www.crea-mt.org.br\/portal\/wp-json\/wp\/v2\/posts\/69361","targetHints":{"allow":["GET"]}}],"collection":[{"href":"https:\/\/www.crea-mt.org.br\/portal\/wp-json\/wp\/v2\/posts"}],"about":[{"href":"https:\/\/www.crea-mt.org.br\/portal\/wp-json\/wp\/v2\/types\/post"}],"author":[{"embeddable":true,"href":"https:\/\/www.crea-mt.org.br\/portal\/wp-json\/wp\/v2\/users\/2"}],"replies":[{"embeddable":true,"href":"https:\/\/www.crea-mt.org.br\/portal\/wp-json\/wp\/v2\/comments?post=69361"}],"version-history":[{"count":3,"href":"https:\/\/www.crea-mt.org.br\/portal\/wp-json\/wp\/v2\/posts\/69361\/revisions"}],"predecessor-version":[{"id":69364,"href":"https:\/\/www.crea-mt.org.br\/portal\/wp-json\/wp\/v2\/posts\/69361\/revisions\/69364"}],"wp:featuredmedia":[{"embeddable":true,"href":"https:\/\/www.crea-mt.org.br\/portal\/wp-json\/wp\/v2\/media\/58348"}],"wp:attachment":[{"href":"https:\/\/www.crea-mt.org.br\/portal\/wp-json\/wp\/v2\/media?parent=69361"}],"wp:term":[{"taxonomy":"category","embeddable":true,"href":"https:\/\/www.crea-mt.org.br\/portal\/wp-json\/wp\/v2\/categories?post=69361"},{"taxonomy":"post_tag","embeddable":true,"href":"https:\/\/www.crea-mt.org.br\/portal\/wp-json\/wp\/v2\/tags?post=69361"}],"curies":[{"name":"wp","href":"https:\/\/api.w.org\/{rel}","templated":true}]}}