{"id":69354,"date":"2026-04-27T10:15:52","date_gmt":"2026-04-27T14:15:52","guid":{"rendered":"https:\/\/www.crea-mt.org.br\/portal\/?p=69354"},"modified":"2026-04-27T10:16:00","modified_gmt":"2026-04-27T14:16:00","slug":"crea-mt-abre-prazo-para-opcao-por-entidade-de-classe-na-renovacao-do-terco","status":"publish","type":"post","link":"https:\/\/www.crea-mt.org.br\/portal\/crea-mt-abre-prazo-para-opcao-por-entidade-de-classe-na-renovacao-do-terco\/","title":{"rendered":"Crea-MT abre prazo para op\u00e7\u00e3o por Entidade de Classe na Renova\u00e7\u00e3o do Ter\u00e7o"},"content":{"rendered":"<p><img loading=\"lazy\" decoding=\"async\" class=\"size-site-padrao wp-image-59921 aligncenter\" src=\"https:\/\/www.crea-mt.org.br\/portal\/wp-content\/uploads\/2025\/05\/WhatsApp-Image-2025-05-30-at-15.42.15-847x424.jpeg\" alt=\"\" width=\"847\" height=\"424\" srcset=\"https:\/\/www.crea-mt.org.br\/portal\/wp-content\/uploads\/2025\/05\/WhatsApp-Image-2025-05-30-at-15.42.15-847x424.jpeg 847w, https:\/\/www.crea-mt.org.br\/portal\/wp-content\/uploads\/2025\/05\/WhatsApp-Image-2025-05-30-at-15.42.15-768x384.jpeg 768w, https:\/\/www.crea-mt.org.br\/portal\/wp-content\/uploads\/2025\/05\/WhatsApp-Image-2025-05-30-at-15.42.15-1536x768.jpeg 1536w, https:\/\/www.crea-mt.org.br\/portal\/wp-content\/uploads\/2025\/05\/WhatsApp-Image-2025-05-30-at-15.42.15-543x272.jpeg 543w, https:\/\/www.crea-mt.org.br\/portal\/wp-content\/uploads\/2025\/05\/WhatsApp-Image-2025-05-30-at-15.42.15-336x168.jpeg 336w, https:\/\/www.crea-mt.org.br\/portal\/wp-content\/uploads\/2025\/05\/WhatsApp-Image-2025-05-30-at-15.42.15.jpeg 1600w\" sizes=\"auto, (max-width: 847px) 100vw, 847px\" \/><\/p>\n<p data-start=\"79\" data-end=\"355\">Os profissionais registrados no Conselho Regional de Engenharia e Agronomia de Mato Grosso (<span class=\"hover:entity-accent entity-underline inline cursor-pointer align-baseline\"><span class=\"whitespace-normal\">Crea-MT)<\/span><\/span> j\u00e1 podem formalizar a escolha da Entidade de Classe para a Renova\u00e7\u00e3o do Ter\u00e7o <strong>a partir desta segunda-feira (27)<\/strong>. O procedimento deve ser realizado por meio do sistema e-Crea <strong>at\u00e9 o dia 27 de maio.<\/strong><\/p>\n<p data-start=\"357\" data-end=\"552\">A cada novo exerc\u00edcio, o Plen\u00e1rio do Crea-MT passa por procedimento de renova\u00e7\u00e3o em um ter\u00e7o de seus representantes, ou seja, parte dos conselheiros(as) \u00e9 substitu\u00edda para a entrada de novos membros. Esse processo \u00e9 denominado Renova\u00e7\u00e3o do Ter\u00e7o. Nesta primeira etapa, o Conselho realiza a verifica\u00e7\u00e3o dos profissionais que est\u00e3o adimplentes com suas anuidades at\u00e9 31 de dezembro de 2025, condi\u00e7\u00e3o essencial para participa\u00e7\u00e3o no processo.<\/p>\n<p data-start=\"357\" data-end=\"552\">Com base nesses dados, \u00e9 realizado um c\u00e1lculo proporcional entre o total de anuidades recolhidas e a distribui\u00e7\u00e3o dos profissionais entre as categorias e modalidades da Engenharia e Agronomia. Ou seja, quanto maior o n\u00famero de profissionais adimplentes, maior ser\u00e1 a representatividade de sua profiss\u00e3o no Plen\u00e1rio do Crea-MT.<\/p>\n<p data-start=\"1034\" data-end=\"1370\">De acordo com o Conselho Federal de Engenharia e Agronomia, \u00e9 necess\u00e1rio que o(a) profissional realize a escolha do t\u00edtulo profissional com o qual deseja ser representado(a), conforme previsto no Art. 10, II, \u00a71\u00ba e \u00a72\u00ba da Resolu\u00e7\u00e3o n\u00ba 1.145\/2024. O Art. 10 da Resolu\u00e7\u00e3o n\u00ba 1.145\/2024 diz: <em>\u00a71\u00ba O profissional ser\u00e1 computado uma \u00fanica vez, com base no primeiro t\u00edtulo de seu registro, conforme a Tabela de T\u00edtulos Profissionais do Sistema Confea\/Crea. \u00a72\u00ba Caso possua mais de um t\u00edtulo profissional, poder\u00e1 optar pelo t\u00edtulo com o qual deseja ser representado, formalizando essa escolha junto ao Crea.<\/em><\/p>\n<p data-start=\"1372\" data-end=\"1604\">A formaliza\u00e7\u00e3o dessa escolha deve ser feita diretamente no <a href=\"https:\/\/ecrea.crea-mt.org.br\/Autenticacao\/Login?ReturnUrl=%2f\">sistema e-Crea<\/a> e \u00e9 considerada fundamental para fortalecer a representatividade das diferentes \u00e1reas da engenharia, agronomia e geoci\u00eancias no \u00e2mbito do Sistema Confea\/Crea.<\/p>\n<p data-prosemirror-content-type=\"node\" data-prosemirror-node-name=\"paragraph\" data-prosemirror-node-block=\"true\">Sua participa\u00e7\u00e3o \u00e9 essencial para o fortalecimento da representatividade da sua categoria no Sistema Confea\/Crea.<\/p>\n<h5 data-prosemirror-content-type=\"node\" data-prosemirror-node-name=\"paragraph\" data-prosemirror-node-block=\"true\">Texto: Assessoria de Comunica\u00e7\u00e3o do Crea-MT<\/h5>\n","protected":false},"excerpt":{"rendered":"<p>Os profissionais registrados no Conselho Regional de Engenharia e Agronomia de Mato Grosso (Crea-MT) j\u00e1 podem formalizar a escolha da Entidade de Classe para a Renova\u00e7\u00e3o do Ter\u00e7o a partir desta segunda-feira (27). O procedimento deve ser realizado por meio do sistema e-Crea at\u00e9 o dia 27 de maio. A cada novo exerc\u00edcio, o Plen\u00e1rio [&hellip;]<\/p>\n","protected":false},"author":2,"featured_media":59921,"comment_status":"closed","ping_status":"closed","sticky":false,"template":"","format":"standard","meta":{"footnotes":""},"categories":[1],"tags":[],"class_list":["post-69354","post","type-post","status-publish","format-standard","has-post-thumbnail","hentry","category-noticias"],"acf":[],"_links":{"self":[{"href":"https:\/\/www.crea-mt.org.br\/portal\/wp-json\/wp\/v2\/posts\/69354","targetHints":{"allow":["GET"]}}],"collection":[{"href":"https:\/\/www.crea-mt.org.br\/portal\/wp-json\/wp\/v2\/posts"}],"about":[{"href":"https:\/\/www.crea-mt.org.br\/portal\/wp-json\/wp\/v2\/types\/post"}],"author":[{"embeddable":true,"href":"https:\/\/www.crea-mt.org.br\/portal\/wp-json\/wp\/v2\/users\/2"}],"replies":[{"embeddable":true,"href":"https:\/\/www.crea-mt.org.br\/portal\/wp-json\/wp\/v2\/comments?post=69354"}],"version-history":[{"count":2,"href":"https:\/\/www.crea-mt.org.br\/portal\/wp-json\/wp\/v2\/posts\/69354\/revisions"}],"predecessor-version":[{"id":69356,"href":"https:\/\/www.crea-mt.org.br\/portal\/wp-json\/wp\/v2\/posts\/69354\/revisions\/69356"}],"wp:featuredmedia":[{"embeddable":true,"href":"https:\/\/www.crea-mt.org.br\/portal\/wp-json\/wp\/v2\/media\/59921"}],"wp:attachment":[{"href":"https:\/\/www.crea-mt.org.br\/portal\/wp-json\/wp\/v2\/media?parent=69354"}],"wp:term":[{"taxonomy":"category","embeddable":true,"href":"https:\/\/www.crea-mt.org.br\/portal\/wp-json\/wp\/v2\/categories?post=69354"},{"taxonomy":"post_tag","embeddable":true,"href":"https:\/\/www.crea-mt.org.br\/portal\/wp-json\/wp\/v2\/tags?post=69354"}],"curies":[{"name":"wp","href":"https:\/\/api.w.org\/{rel}","templated":true}]}}