{"id":69329,"date":"2026-04-24T10:44:16","date_gmt":"2026-04-24T14:44:16","guid":{"rendered":"https:\/\/www.crea-mt.org.br\/portal\/?p=69329"},"modified":"2026-04-24T10:44:48","modified_gmt":"2026-04-24T14:44:48","slug":"curso-de-operacao-de-drones-oferecido-pela-amef-capacita-profissionais-em-sinop-com-foco-em-mapeamento-e-planejamento-de-voo","status":"publish","type":"post","link":"https:\/\/www.crea-mt.org.br\/portal\/curso-de-operacao-de-drones-oferecido-pela-amef-capacita-profissionais-em-sinop-com-foco-em-mapeamento-e-planejamento-de-voo\/","title":{"rendered":"Curso de opera\u00e7\u00e3o de drones oferecido pela AMEF e Senar capacita profissionais em Sinop com foco em mapeamento e planejamento de voo"},"content":{"rendered":"<p data-start=\"151\" data-end=\"523\"><img loading=\"lazy\" decoding=\"async\" class=\"aligncenter size-site-padrao wp-image-69338\" src=\"https:\/\/www.crea-mt.org.br\/portal\/wp-content\/uploads\/2026\/04\/WhatsApp-Image-2026-04-17-at-11.03.52-1-847x635.jpeg\" alt=\"\" width=\"847\" height=\"635\" srcset=\"https:\/\/www.crea-mt.org.br\/portal\/wp-content\/uploads\/2026\/04\/WhatsApp-Image-2026-04-17-at-11.03.52-1-847x635.jpeg 847w, https:\/\/www.crea-mt.org.br\/portal\/wp-content\/uploads\/2026\/04\/WhatsApp-Image-2026-04-17-at-11.03.52-1-768x576.jpeg 768w, https:\/\/www.crea-mt.org.br\/portal\/wp-content\/uploads\/2026\/04\/WhatsApp-Image-2026-04-17-at-11.03.52-1-543x407.jpeg 543w, https:\/\/www.crea-mt.org.br\/portal\/wp-content\/uploads\/2026\/04\/WhatsApp-Image-2026-04-17-at-11.03.52-1-336x252.jpeg 336w, https:\/\/www.crea-mt.org.br\/portal\/wp-content\/uploads\/2026\/04\/WhatsApp-Image-2026-04-17-at-11.03.52-1.jpeg 1280w\" sizes=\"auto, (max-width: 847px) 100vw, 847px\" \/><\/p>\n<p data-start=\"151\" data-end=\"523\">A \u00a0Associa\u00e7\u00e3o Mato-grossense de Engenheiros Florestais (AMEF), em parceria com o <span class=\"hover:entity-accent entity-underline inline cursor-pointer align-baseline\"><span class=\"whitespace-normal\">Senar<\/span><\/span> e o <span class=\"hover:entity-accent entity-underline inline cursor-pointer align-baseline\"><span class=\"whitespace-normal\">Sindicato Rural de Sinop<\/span><\/span>, realizou em <span class=\"hover:entity-accent entity-underline inline cursor-pointer align-baseline\"><span class=\"whitespace-normal\">Sinop<\/span><\/span> o curso Opera\u00e7\u00e3o de Aeronave Remotamente Pilotada \u2013 Drone Asa Rotativo, voltado \u00e0 capacita\u00e7\u00e3o t\u00e9cnica de profissionais que atuam nas \u00e1reas da engenharia e do setor florestal.\u00a0O curso aconteceu em duas turmas, nos dias 13 a 15 de abril e 16 a 18 de abril, reunindo aproximadamente 10 participantes em cada turma.<\/p>\n<p data-start=\"836\" data-end=\"952\">Segundo o engenheiro florestal e instrutor Thamylon Dias, o curso apresentou uma abordagem completa sobre o uso profissional de drones.<\/p>\n<p data-start=\"836\" data-end=\"952\">\u201cTrabalhamos conte\u00fados sobre opera\u00e7\u00e3o, pilotagem, planejamento de voo e processamento de mapas com drones\u201d, explicou.<\/p>\n<p data-start=\"836\" data-end=\"952\"><img loading=\"lazy\" decoding=\"async\" class=\"aligncenter size-site-padrao wp-image-69339\" src=\"https:\/\/www.crea-mt.org.br\/portal\/wp-content\/uploads\/2026\/04\/WhatsApp-Image-2026-04-16-at-17.49.33-847x313.jpeg\" alt=\"\" width=\"847\" height=\"313\" srcset=\"https:\/\/www.crea-mt.org.br\/portal\/wp-content\/uploads\/2026\/04\/WhatsApp-Image-2026-04-16-at-17.49.33-847x313.jpeg 847w, https:\/\/www.crea-mt.org.br\/portal\/wp-content\/uploads\/2026\/04\/WhatsApp-Image-2026-04-16-at-17.49.33-768x284.jpeg 768w, https:\/\/www.crea-mt.org.br\/portal\/wp-content\/uploads\/2026\/04\/WhatsApp-Image-2026-04-16-at-17.49.33-1536x568.jpeg 1536w, https:\/\/www.crea-mt.org.br\/portal\/wp-content\/uploads\/2026\/04\/WhatsApp-Image-2026-04-16-at-17.49.33-543x201.jpeg 543w, https:\/\/www.crea-mt.org.br\/portal\/wp-content\/uploads\/2026\/04\/WhatsApp-Image-2026-04-16-at-17.49.33-336x124.jpeg 336w, https:\/\/www.crea-mt.org.br\/portal\/wp-content\/uploads\/2026\/04\/WhatsApp-Image-2026-04-16-at-17.49.33.jpeg 1600w\" sizes=\"auto, (max-width: 847px) 100vw, 847px\" \/><\/p>\n<p data-start=\"1129\" data-end=\"1333\">A programa\u00e7\u00e3o incluiu conte\u00fados te\u00f3ricos e atividades de campo, permitindo que os participantes tivessem contato com os equipamentos e realizassem exerc\u00edcios de voo, manobras e mapeamento. A engenheira florestal M\u00e1rcia Soares Fa\u00e7anha da Costa, participou da primeira turma, realizada no dia 13 de abril. Ela \u00e9 do munic\u00edpio de <span class=\"hover:entity-accent entity-underline inline cursor-pointer align-baseline\"><span class=\"whitespace-normal\">Colniza e<\/span><\/span>\u00a0destacou a import\u00e2ncia do curso para sua atua\u00e7\u00e3o na \u00e1rea florestal e ambiental.<\/p>\n<p data-start=\"1129\" data-end=\"1333\">\u201cEsse \u00e9 o segundo curso de drone que eu fa\u00e7o e gostei muito. O professor ter forma\u00e7\u00e3o em engenharia florestal ajudou bastante, principalmente na parte de mapeamento. Tivemos um dia de campo em que cada participante p\u00f4de voar o drone e fazer manobras, mas o mais importante foi a parte de quantifica\u00e7\u00e3o e mapeamento voltada para a engenharia florestal\u201d, relatou.<\/p>\n<p data-start=\"1129\" data-end=\"1333\"><img loading=\"lazy\" decoding=\"async\" class=\"aligncenter wp-image-69337\" src=\"https:\/\/www.crea-mt.org.br\/portal\/wp-content\/uploads\/2026\/04\/WhatsApp-Image-2026-04-17-at-11.03.52-847x1129.jpeg\" alt=\"\" width=\"537\" height=\"716\" srcset=\"https:\/\/www.crea-mt.org.br\/portal\/wp-content\/uploads\/2026\/04\/WhatsApp-Image-2026-04-17-at-11.03.52-847x1129.jpeg 847w, https:\/\/www.crea-mt.org.br\/portal\/wp-content\/uploads\/2026\/04\/WhatsApp-Image-2026-04-17-at-11.03.52-768x1024.jpeg 768w, https:\/\/www.crea-mt.org.br\/portal\/wp-content\/uploads\/2026\/04\/WhatsApp-Image-2026-04-17-at-11.03.52-543x724.jpeg 543w, https:\/\/www.crea-mt.org.br\/portal\/wp-content\/uploads\/2026\/04\/WhatsApp-Image-2026-04-17-at-11.03.52-336x448.jpeg 336w, https:\/\/www.crea-mt.org.br\/portal\/wp-content\/uploads\/2026\/04\/WhatsApp-Image-2026-04-17-at-11.03.52.jpeg 960w\" sizes=\"auto, (max-width: 537px) 100vw, 537px\" \/><\/p>\n<p data-start=\"1925\" data-end=\"2039\">Ela tamb\u00e9m ressaltou a aplica\u00e7\u00e3o pr\u00e1tica da tecnologia no seu trabalho com serraria e licenciamento ambiental.<\/p>\n<p data-start=\"1925\" data-end=\"2039\">\u201cCom o drone consigo acessar locais onde n\u00e3o \u00e9 poss\u00edvel chegar por estrada. Agora pretendo adquirir um equipamento para aplicar na pr\u00e1tica tudo o que aprendi, o que vai ampliar minha atua\u00e7\u00e3o profissional\u201d, afirmou.<\/p>\n<p data-start=\"2324\" data-end=\"2600\">A capacita\u00e7\u00e3o refor\u00e7a o uso de drones como ferramenta estrat\u00e9gica para atividades de mapeamento, planejamento territorial, monitoramento ambiental, ampliando a efici\u00eancia e a seguran\u00e7a das opera\u00e7\u00f5es t\u00e9cnicas.<\/p>\n<h5 data-start=\"2324\" data-end=\"2600\">Texto: Assessoria de Comunica\u00e7\u00e3o do Crea-MT<\/h5>\n","protected":false},"excerpt":{"rendered":"<p>A \u00a0Associa\u00e7\u00e3o Mato-grossense de Engenheiros Florestais (AMEF), em parceria com o Senar e o Sindicato Rural de Sinop, realizou em Sinop o curso Opera\u00e7\u00e3o de Aeronave Remotamente Pilotada \u2013 Drone Asa Rotativo, voltado \u00e0 capacita\u00e7\u00e3o t\u00e9cnica de profissionais que atuam nas \u00e1reas da engenharia e do setor florestal.\u00a0O curso aconteceu em duas turmas, nos dias [&hellip;]<\/p>\n","protected":false},"author":2,"featured_media":69338,"comment_status":"closed","ping_status":"closed","sticky":false,"template":"","format":"standard","meta":{"footnotes":""},"categories":[1],"tags":[],"class_list":["post-69329","post","type-post","status-publish","format-standard","has-post-thumbnail","hentry","category-noticias"],"acf":[],"_links":{"self":[{"href":"https:\/\/www.crea-mt.org.br\/portal\/wp-json\/wp\/v2\/posts\/69329","targetHints":{"allow":["GET"]}}],"collection":[{"href":"https:\/\/www.crea-mt.org.br\/portal\/wp-json\/wp\/v2\/posts"}],"about":[{"href":"https:\/\/www.crea-mt.org.br\/portal\/wp-json\/wp\/v2\/types\/post"}],"author":[{"embeddable":true,"href":"https:\/\/www.crea-mt.org.br\/portal\/wp-json\/wp\/v2\/users\/2"}],"replies":[{"embeddable":true,"href":"https:\/\/www.crea-mt.org.br\/portal\/wp-json\/wp\/v2\/comments?post=69329"}],"version-history":[{"count":8,"href":"https:\/\/www.crea-mt.org.br\/portal\/wp-json\/wp\/v2\/posts\/69329\/revisions"}],"predecessor-version":[{"id":69343,"href":"https:\/\/www.crea-mt.org.br\/portal\/wp-json\/wp\/v2\/posts\/69329\/revisions\/69343"}],"wp:featuredmedia":[{"embeddable":true,"href":"https:\/\/www.crea-mt.org.br\/portal\/wp-json\/wp\/v2\/media\/69338"}],"wp:attachment":[{"href":"https:\/\/www.crea-mt.org.br\/portal\/wp-json\/wp\/v2\/media?parent=69329"}],"wp:term":[{"taxonomy":"category","embeddable":true,"href":"https:\/\/www.crea-mt.org.br\/portal\/wp-json\/wp\/v2\/categories?post=69329"},{"taxonomy":"post_tag","embeddable":true,"href":"https:\/\/www.crea-mt.org.br\/portal\/wp-json\/wp\/v2\/tags?post=69329"}],"curies":[{"name":"wp","href":"https:\/\/api.w.org\/{rel}","templated":true}]}}