{"id":69326,"date":"2026-04-29T10:38:12","date_gmt":"2026-04-29T14:38:12","guid":{"rendered":"https:\/\/www.crea-mt.org.br\/portal\/?p=69326"},"modified":"2026-04-29T10:38:12","modified_gmt":"2026-04-29T14:38:12","slug":"associacao-brasileira-de-patologia-das-construcoes-alconpat-realiza-1-seminario-de-patologia-em-lajes-e-coberturas-no-crea-mt","status":"publish","type":"post","link":"https:\/\/www.crea-mt.org.br\/portal\/associacao-brasileira-de-patologia-das-construcoes-alconpat-realiza-1-seminario-de-patologia-em-lajes-e-coberturas-no-crea-mt\/","title":{"rendered":"Associa\u00e7\u00e3o Brasileira de Patologia das Constru\u00e7\u00f5es (ALCONPAT) realiza 1\u00b0 Semin\u00e1rio de Patologia em Lajes e Coberturas no Crea-MT"},"content":{"rendered":"<p data-path-to-node=\"3\"><img loading=\"lazy\" decoding=\"async\" class=\"aligncenter  wp-image-69359\" src=\"https:\/\/www.crea-mt.org.br\/portal\/wp-content\/uploads\/2026\/04\/images.png\" alt=\"\" width=\"763\" height=\"226\" srcset=\"https:\/\/www.crea-mt.org.br\/portal\/wp-content\/uploads\/2026\/04\/images.png 412w, https:\/\/www.crea-mt.org.br\/portal\/wp-content\/uploads\/2026\/04\/images-336x99.png 336w\" sizes=\"auto, (max-width: 763px) 100vw, 763px\" \/><\/p>\n<p data-path-to-node=\"3\">A Associa\u00e7\u00e3o Brasileira de Patologia das Constru\u00e7\u00f5es (ALCONPAT) vai realizar, no dia 6 de maio, o 1\u00b0 Semin\u00e1rio de Patologia em Lajes e Coberturas (SEMPAT), um f\u00f3rum essencial para disseminar o conhecimento t\u00e9cnico e cient\u00edfico, unindo a vis\u00e3o acad\u00eamica \u00e0 realidade pr\u00e1tica do canteiro de obras. O evento ser\u00e1 realizado na sede do Conselho Regional de Engenharia e Agronomia de Mato Grosso (Crea-MT), a partir das 17h30.<\/p>\n<p data-path-to-node=\"3\">A ALCONPAT \u00e9 refer\u00eancia nacional e internacional dedicada \u00e0 promo\u00e7\u00e3o da qualidade, patologia, recupera\u00e7\u00e3o e manuten\u00e7\u00e3o das estruturas.<\/p>\n<p data-path-to-node=\"4\">Prepare-se para uma imers\u00e3o t\u00e9cnica sobre um dos temas mais cr\u00edticos da engenharia e arquitetura: a estanqueidade e integridade de lajes e coberturas. Reunimos especialistas de renome para debater solu\u00e7\u00f5es, normas e a ci\u00eancia por tr\u00e1s da preven\u00e7\u00e3o de patologias, focando na seguran\u00e7a e na durabilidade das edifica\u00e7\u00f5es.<\/p>\n<p data-path-to-node=\"4\">As inscri\u00e7\u00f5es s\u00e3o gratuitas e podem ser realizadas atrav\u00e9s do <a href=\"https:\/\/www.sympla.com.br\/evento\/1-sempat-mt-seminario-de-patologia-em-lajes-e-coberturas\/3385984\">site<\/a>.<\/p>\n<p data-path-to-node=\"5\"><strong>Confira a programa\u00e7\u00e3o:<\/strong><\/p>\n<ul>\n<li data-path-to-node=\"6\">Impermeabiliza\u00e7\u00e3o Simplificada: Alta Performance e Versatilidade da Borracha L\u00edquida<\/li>\n<\/ul>\n<p data-path-to-node=\"7\"><b data-path-to-node=\"7\" data-index-in-node=\"0\">Palestrante:<\/b>\u00a0<i data-path-to-node=\"7\" data-index-in-node=\"13\">Fernando Peters (HM Rubber)<\/i> Qu\u00edmico Industrial e Inspetor de Pintura N1 &#8211; ABRACO, com especializa\u00e7\u00e3o em Lean Manufacturing Black Belt.<\/p>\n<p data-path-to-node=\"7\">O que voc\u00ea vai aprender:\u00a0Como a tecnologia de pol\u00edmeros elastom\u00e9ricos (borracha l\u00edquida) pode mitigar falhas de execu\u00e7\u00e3o atrav\u00e9s de sistemas monol\u00edticos e vers\u00e1teis. Uma vis\u00e3o orientada \u00e0 redu\u00e7\u00e3o de erros humanos e ganho de efici\u00eancia operacional em projetos e reformas.<\/p>\n<ul>\n<li data-path-to-node=\"9\">A Ci\u00eancia das Mantas Sint\u00e9ticas: Especifica\u00e7\u00e3o e Desempenho em PVC e TPO<\/li>\n<\/ul>\n<p data-path-to-node=\"10\"><b data-path-to-node=\"10\" data-index-in-node=\"0\">Palestrante:<\/b>\u00a0<i data-path-to-node=\"10\" data-index-in-node=\"13\">Veridiana Sampaio (SOPREMA)<\/i> Arquiteta (Mackenzie) com 25 anos de experi\u00eancia t\u00e9cnica em sistemas sint\u00e9ticos e membro do comit\u00ea de revis\u00e3o da NBR 9690 da ABNT.<\/p>\n<p data-path-to-node=\"10\">O que voc\u00ea vai aprender:\u00a0A import\u00e2ncia do rigor na especifica\u00e7\u00e3o t\u00e9cnica para grandes obras. Uma an\u00e1lise profunda sobre o comportamento do PVC e TPO, garantindo longevidade e conformidade normativa em coberturas planas e infraestrutura.<\/p>\n<ul>\n<li data-path-to-node=\"12\">Instala\u00e7\u00f5es Pluviais de Calhas, Lajes e Telhados: Projeto e Patologias<\/li>\n<\/ul>\n<p data-path-to-node=\"13\"><b data-path-to-node=\"13\" data-index-in-node=\"0\">Palestrante:<\/b>\u00a0<i data-path-to-node=\"13\" data-index-in-node=\"13\">Daniel Moretti de Souza<\/i> Engenheiro Civil (UFMT) e Especialista em Seguran\u00e7a do Trabalho com mais de 20 anos de experi\u00eancia em gest\u00e3o e compatibiliza\u00e7\u00e3o de grandes projetos.<\/p>\n<p data-path-to-node=\"13\">O que voc\u00ea vai aprender:\u00a0A integra\u00e7\u00e3o vital entre o escoamento pluvial e a impermeabiliza\u00e7\u00e3o. O foco ser\u00e1 a identifica\u00e7\u00e3o de patologias geradas por falhas de projeto e coordena\u00e7\u00e3o, trazendo uma vis\u00e3o estrat\u00e9gica de engenharia orientada ao desempenho e valor.<\/p>\n<h5 data-path-to-node=\"17,3,0\">Texto: Assessoria de Comunica\u00e7\u00e3o do Crea-MT<\/h5>\n","protected":false},"excerpt":{"rendered":"<p>A Associa\u00e7\u00e3o Brasileira de Patologia das Constru\u00e7\u00f5es (ALCONPAT) vai realizar, no dia 6 de maio, o 1\u00b0 Semin\u00e1rio de Patologia em Lajes e Coberturas (SEMPAT), um f\u00f3rum essencial para disseminar o conhecimento t\u00e9cnico e cient\u00edfico, unindo a vis\u00e3o acad\u00eamica \u00e0 realidade pr\u00e1tica do canteiro de obras. O evento ser\u00e1 realizado na sede do Conselho Regional [&hellip;]<\/p>\n","protected":false},"author":2,"featured_media":69359,"comment_status":"closed","ping_status":"closed","sticky":false,"template":"","format":"standard","meta":{"footnotes":""},"categories":[1],"tags":[],"class_list":["post-69326","post","type-post","status-publish","format-standard","has-post-thumbnail","hentry","category-noticias"],"acf":[],"_links":{"self":[{"href":"https:\/\/www.crea-mt.org.br\/portal\/wp-json\/wp\/v2\/posts\/69326","targetHints":{"allow":["GET"]}}],"collection":[{"href":"https:\/\/www.crea-mt.org.br\/portal\/wp-json\/wp\/v2\/posts"}],"about":[{"href":"https:\/\/www.crea-mt.org.br\/portal\/wp-json\/wp\/v2\/types\/post"}],"author":[{"embeddable":true,"href":"https:\/\/www.crea-mt.org.br\/portal\/wp-json\/wp\/v2\/users\/2"}],"replies":[{"embeddable":true,"href":"https:\/\/www.crea-mt.org.br\/portal\/wp-json\/wp\/v2\/comments?post=69326"}],"version-history":[{"count":8,"href":"https:\/\/www.crea-mt.org.br\/portal\/wp-json\/wp\/v2\/posts\/69326\/revisions"}],"predecessor-version":[{"id":69360,"href":"https:\/\/www.crea-mt.org.br\/portal\/wp-json\/wp\/v2\/posts\/69326\/revisions\/69360"}],"wp:featuredmedia":[{"embeddable":true,"href":"https:\/\/www.crea-mt.org.br\/portal\/wp-json\/wp\/v2\/media\/69359"}],"wp:attachment":[{"href":"https:\/\/www.crea-mt.org.br\/portal\/wp-json\/wp\/v2\/media?parent=69326"}],"wp:term":[{"taxonomy":"category","embeddable":true,"href":"https:\/\/www.crea-mt.org.br\/portal\/wp-json\/wp\/v2\/categories?post=69326"},{"taxonomy":"post_tag","embeddable":true,"href":"https:\/\/www.crea-mt.org.br\/portal\/wp-json\/wp\/v2\/tags?post=69326"}],"curies":[{"name":"wp","href":"https:\/\/api.w.org\/{rel}","templated":true}]}}