{"id":6932,"date":"2007-03-26T00:00:00","date_gmt":"2007-03-26T03:00:00","guid":{"rendered":"https:\/\/crea-mt.org.br\/portal\/importacao-traz-queda-de-10-na-balanca-comercial\/"},"modified":"2007-03-26T00:00:00","modified_gmt":"2007-03-26T03:00:00","slug":"importacao-traz-queda-de-10-na-balanca-comercial","status":"publish","type":"post","link":"https:\/\/www.crea-mt.org.br\/portal\/importacao-traz-queda-de-10-na-balanca-comercial\/","title":{"rendered":"Importa\u00e7\u00e3o traz queda de 10% na Balan\u00e7a Comercial"},"content":{"rendered":"<p>Fonte: FolhaNews<\/p>\n<p>O saldo da Balan\u00e7a Comercial j\u00e1 acumula uma queda superior a 10% no ano, decorr\u00eancia do aumento das importa\u00e7\u00f5es em um ritmo maior do que o registrado nas exporta\u00e7\u00f5es. O super\u00e1vit comercial at\u00e9 a quarta semana de mar\u00e7o est\u00e1 em US$ 7,722 bilh\u00f5es, uma queda de 10,6% em rela\u00e7\u00e3o ao mesmo per\u00edodo do ano passado (US$ 8,636 bilh\u00f5es). <\/p>\n<p>No per\u00edodo, as exporta\u00e7\u00f5es cresceram 14%, para US$ 30,9 bilh\u00f5es e as importa\u00e7\u00f5es, 25,4%, para US$ 23,178 bilh\u00f5es. <\/p>\n<p>Desde 2006 as importa\u00e7\u00f5es est\u00e3o crescendo a um ritmo mais forte que as exporta\u00e7\u00f5es. A expectativa de analistas e do pr\u00f3prio governo \u00e9 que esse movimento contribua para a queda do super\u00e1vit comercial neste ano na compara\u00e7\u00e3o com o ano passado. <\/p>\n<p>A previs\u00e3o do mercado financeiro \u00e9 que o saldo fique positivo em US$ 39,6 bilh\u00f5es. A meta do minist\u00e9rio para este ano \u00e9 exportar US$ 152 bilh\u00f5es. Em 2006, a balan\u00e7a comercial registrou recorde hist\u00f3rico de super\u00e1vit comercial, US$ 46,077 bilh\u00f5es. <\/p>\n<p>Mar\u00e7o<br \/>\nA balan\u00e7a comercial registrou um saldo positivo de US$ 658 milh\u00f5es na quarta semana do m\u00eas (dias 19 a 25). As vendas ao exterior somaram US$ 2,980 bilh\u00f5es e as compras, US$ 2,322 bilh\u00f5es. <\/p>\n<p>Na primeira semana, que teve apenas dois dias \u00fateis, o super\u00e1vit foi de US$ 219 milh\u00f5es. Na seguinte, US$ 770 milh\u00f5es e na terceira semana, US$ 706 milh\u00f5es. <\/p>\n<p>No m\u00eas passado, o super\u00e1vit comercial (saldo positivo entre exporta\u00e7\u00f5es e importa\u00e7\u00f5es) foi de US$ 2,878 bilh\u00f5es e, em janeiro, US$ 2,491 bilh\u00f5es. <\/p>\n","protected":false},"excerpt":{"rendered":"<p>Fonte: FolhaNews O saldo da Balan\u00e7a Comercial j\u00e1 acumula uma queda superior a 10% no ano, decorr\u00eancia do aumento das importa\u00e7\u00f5es em um ritmo maior do que o registrado nas exporta\u00e7\u00f5es. O super\u00e1vit comercial at\u00e9 a quarta semana de mar\u00e7o est\u00e1 em US$ 7,722 bilh\u00f5es, uma queda de 10,6% em rela\u00e7\u00e3o ao mesmo per\u00edodo do [&hellip;]<\/p>\n","protected":false},"author":1,"featured_media":0,"comment_status":"open","ping_status":"open","sticky":false,"template":"","format":"standard","meta":{"footnotes":""},"categories":[1],"tags":[],"class_list":["post-6932","post","type-post","status-publish","format-standard","hentry","category-noticias"],"acf":[],"_links":{"self":[{"href":"https:\/\/www.crea-mt.org.br\/portal\/wp-json\/wp\/v2\/posts\/6932","targetHints":{"allow":["GET"]}}],"collection":[{"href":"https:\/\/www.crea-mt.org.br\/portal\/wp-json\/wp\/v2\/posts"}],"about":[{"href":"https:\/\/www.crea-mt.org.br\/portal\/wp-json\/wp\/v2\/types\/post"}],"author":[{"embeddable":true,"href":"https:\/\/www.crea-mt.org.br\/portal\/wp-json\/wp\/v2\/users\/1"}],"replies":[{"embeddable":true,"href":"https:\/\/www.crea-mt.org.br\/portal\/wp-json\/wp\/v2\/comments?post=6932"}],"version-history":[{"count":0,"href":"https:\/\/www.crea-mt.org.br\/portal\/wp-json\/wp\/v2\/posts\/6932\/revisions"}],"wp:attachment":[{"href":"https:\/\/www.crea-mt.org.br\/portal\/wp-json\/wp\/v2\/media?parent=6932"}],"wp:term":[{"taxonomy":"category","embeddable":true,"href":"https:\/\/www.crea-mt.org.br\/portal\/wp-json\/wp\/v2\/categories?post=6932"},{"taxonomy":"post_tag","embeddable":true,"href":"https:\/\/www.crea-mt.org.br\/portal\/wp-json\/wp\/v2\/tags?post=6932"}],"curies":[{"name":"wp","href":"https:\/\/api.w.org\/{rel}","templated":true}]}}