{"id":6931,"date":"2007-03-26T00:00:00","date_gmt":"2007-03-26T03:00:00","guid":{"rendered":"https:\/\/crea-mt.org.br\/portal\/emprestimos-familiares-crescem-11-em-fevereiro\/"},"modified":"2007-03-26T00:00:00","modified_gmt":"2007-03-26T03:00:00","slug":"emprestimos-familiares-crescem-11-em-fevereiro","status":"publish","type":"post","link":"https:\/\/www.crea-mt.org.br\/portal\/emprestimos-familiares-crescem-11-em-fevereiro\/","title":{"rendered":"Empr\u00e9stimos familiares crescem 1,1% em fevereiro"},"content":{"rendered":"<p> Fonte:FolhaNews<\/p>\n<p>Bras\u00edlia, DF &#8211; A demanda por empr\u00e9stimos por parte das fam\u00edlias no in\u00edcio do ano continua puxando o aumento do volume de cr\u00e9dito do sistema financeiro. No m\u00eas passado, chegou a R$ 747,589 bilh\u00f5es, uma eleva\u00e7\u00e3o de 1,1% na compara\u00e7\u00e3o com janeiro e de 21,4% nos \u00faltimos 12 meses, de acordo com dados divulgado nesta segunda-feira pelo Banco Central. <\/p>\n<p>&#8220;A evolu\u00e7\u00e3o das opera\u00e7\u00f5es de cr\u00e9dito do sistema financeiro em fevereiro continuou vinculada ao desempenho dos empr\u00e9stimos referenciados em recursos livres, evidenciando, basicamente, a demanda por empr\u00e9stimos banc\u00e1rios pelas fam\u00edlias. Os financiamentos relativos ao segmento de pessoas jur\u00eddicas, ap\u00f3s recuo sazonal em janeiro, registraram expans\u00e3o tanto das carteiras com recursos dom\u00e9sticos quantos com recursos externos&#8221;, diz a nota do BC. <\/p>\n<p>J\u00e1 na compara\u00e7\u00e3o com o PIB (Produto Interno Bruto), o volume de cr\u00e9dito subiu para 34,6% no m\u00eas anterior. Em fevereiro de 2006, estava em 31,6%. Essa \u00e9 a maior rela\u00e7\u00e3o desde mar\u00e7o de 1006 (34,8%). No entanto, com a revis\u00e3o feita pelo IBGE (Instituto Brasileiro de Geografia e Estat\u00edstica) nas contas nacionais, essa propor\u00e7\u00e3o dever\u00e1 cair. Isso porque foi constatado na nova metodologia que o PIB ficou maior entre 2002 e 2005. <\/p>\n<p>Essa revis\u00e3o tornar\u00e1 mais dif\u00edcil para o governo federal alcan\u00e7ar uma rela\u00e7\u00e3o entre d\u00edvida e PIB de 50%. No entanto, para Altamir Lopes, chefe do Departamento Econ\u00f4mico do BC, o mais importante \u00e9 que essa trajet\u00f3ria de eleva\u00e7\u00e3o est\u00e1 mantida. Cr\u00e9dito livre. <\/p>\n<p>O estoque de cr\u00e9dito com recursos livres era de R$ 509,7 bilh\u00f5es (68,2% do total), um crescimento de 1,5% no m\u00eas e de 23,4% no acumulado de 12 meses. O aumento foi maior nas opera\u00e7\u00f5es destinadas \u00e0 pessoa f\u00edsica: 1,6%. Para as empresas, a retra\u00e7\u00e3o foi de 1,4%. <\/p>\n<p>J\u00e1 a parcela correspondente a recursos direcionados &#8211;como empr\u00e9stimos do BNDES e financiamento para o setor habitacional&#8211; somou R$ 237,685 bilh\u00f5es, um crescimento de 0,3% no m\u00eas e de 17,3% em 12 meses. A maior expans\u00e3o foi registrada na modalidade voltada para o financiamento habitacional, que cresceu 1,3% no m\u00eas passado e 23,1% nos \u00faltimos 12 meses. Nas opera\u00e7\u00f5es para cr\u00e9dito rural, o aumento foi de 0,4% no m\u00eas e de 21% em 12 meses. <\/p>\n","protected":false},"excerpt":{"rendered":"<p>Fonte:FolhaNews Bras\u00edlia, DF &#8211; A demanda por empr\u00e9stimos por parte das fam\u00edlias no in\u00edcio do ano continua puxando o aumento do volume de cr\u00e9dito do sistema financeiro. No m\u00eas passado, chegou a R$ 747,589 bilh\u00f5es, uma eleva\u00e7\u00e3o de 1,1% na compara\u00e7\u00e3o com janeiro e de 21,4% nos \u00faltimos 12 meses, de acordo com dados divulgado [&hellip;]<\/p>\n","protected":false},"author":1,"featured_media":0,"comment_status":"open","ping_status":"open","sticky":false,"template":"","format":"standard","meta":{"footnotes":""},"categories":[1],"tags":[],"class_list":["post-6931","post","type-post","status-publish","format-standard","hentry","category-noticias"],"acf":[],"_links":{"self":[{"href":"https:\/\/www.crea-mt.org.br\/portal\/wp-json\/wp\/v2\/posts\/6931","targetHints":{"allow":["GET"]}}],"collection":[{"href":"https:\/\/www.crea-mt.org.br\/portal\/wp-json\/wp\/v2\/posts"}],"about":[{"href":"https:\/\/www.crea-mt.org.br\/portal\/wp-json\/wp\/v2\/types\/post"}],"author":[{"embeddable":true,"href":"https:\/\/www.crea-mt.org.br\/portal\/wp-json\/wp\/v2\/users\/1"}],"replies":[{"embeddable":true,"href":"https:\/\/www.crea-mt.org.br\/portal\/wp-json\/wp\/v2\/comments?post=6931"}],"version-history":[{"count":0,"href":"https:\/\/www.crea-mt.org.br\/portal\/wp-json\/wp\/v2\/posts\/6931\/revisions"}],"wp:attachment":[{"href":"https:\/\/www.crea-mt.org.br\/portal\/wp-json\/wp\/v2\/media?parent=6931"}],"wp:term":[{"taxonomy":"category","embeddable":true,"href":"https:\/\/www.crea-mt.org.br\/portal\/wp-json\/wp\/v2\/categories?post=6931"},{"taxonomy":"post_tag","embeddable":true,"href":"https:\/\/www.crea-mt.org.br\/portal\/wp-json\/wp\/v2\/tags?post=6931"}],"curies":[{"name":"wp","href":"https:\/\/api.w.org\/{rel}","templated":true}]}}