{"id":69294,"date":"2026-04-22T16:48:09","date_gmt":"2026-04-22T20:48:09","guid":{"rendered":"https:\/\/www.crea-mt.org.br\/portal\/?p=69294"},"modified":"2026-04-22T16:48:09","modified_gmt":"2026-04-22T20:48:09","slug":"a-maior-descoberta-da-lua-foi-a-terra","status":"publish","type":"post","link":"https:\/\/www.crea-mt.org.br\/portal\/a-maior-descoberta-da-lua-foi-a-terra\/","title":{"rendered":"A maior descoberta da Lua foi a Terra"},"content":{"rendered":"<p><img loading=\"lazy\" decoding=\"async\" class=\"aligncenter size-site-padrao wp-image-69297\" src=\"https:\/\/www.crea-mt.org.br\/portal\/wp-content\/uploads\/2026\/04\/Foto-Andre-Baby-02-847x564.jpeg\" alt=\"\" width=\"847\" height=\"564\" srcset=\"https:\/\/www.crea-mt.org.br\/portal\/wp-content\/uploads\/2026\/04\/Foto-Andre-Baby-02-847x564.jpeg 847w, https:\/\/www.crea-mt.org.br\/portal\/wp-content\/uploads\/2026\/04\/Foto-Andre-Baby-02-768x512.jpeg 768w, https:\/\/www.crea-mt.org.br\/portal\/wp-content\/uploads\/2026\/04\/Foto-Andre-Baby-02-1536x1023.jpeg 1536w, https:\/\/www.crea-mt.org.br\/portal\/wp-content\/uploads\/2026\/04\/Foto-Andre-Baby-02-543x362.jpeg 543w, https:\/\/www.crea-mt.org.br\/portal\/wp-content\/uploads\/2026\/04\/Foto-Andre-Baby-02-336x224.jpeg 336w, https:\/\/www.crea-mt.org.br\/portal\/wp-content\/uploads\/2026\/04\/Foto-Andre-Baby-02.jpeg 1600w\" sizes=\"auto, (max-width: 847px) 100vw, 847px\" \/><\/p>\n<p><i><span style=\"color: black;\">Se Apolo ajudou a dar imagem e impulso \u00e0 consci\u00eancia ambiental ao nos mostrar a fragilidade do planeta, Artemis s\u00f3 ter\u00e1 estatura hist\u00f3rica se ajudar a inaugurar a era da responsabilidade planet\u00e1ria.<\/span><\/i><\/p>\n<p>N\u00e3o h\u00e1 planeta B. A frase se banalizou, mas seu sentido continua radical. Voltar \u00e0 Lua s\u00f3 ter\u00e1 grandeza moral se nos fizer compreender, com mais lucidez, que nunca houve sa\u00edda de emerg\u00eancia. A maior descoberta das miss\u00f5es lunares n\u00e3o foi a Lua. Foi a Terra. Quando Bill Anders registrou Earthrise, em 1968, a humanidade viu a si mesma de fora: um mundo pequeno, luminoso, suspenso no escuro. Aquela imagem n\u00e3o foi apenas um feito t\u00e9cnico. Foi uma revela\u00e7\u00e3o hist\u00f3rica. Ao mostrar a Terra como casa comum, ajudou a dar forma a uma sensibilidade ambiental que marcaria as d\u00e9cadas seguintes.<\/p>\n<p>\u00c9 esse nervo simb\u00f3lico que a reportagem do Fant\u00e1stico (12\/04) sobre Artemis reacende. A NASA apresenta o programa como retorno de longo prazo \u00e0 Lua e prepara\u00e7\u00e3o para futuras miss\u00f5es a Marte, com promessas de descoberta cient\u00edfica, inova\u00e7\u00e3o e inspira\u00e7\u00e3o. Tudo isso importa. Mas a pergunta decisiva n\u00e3o \u00e9 tecnol\u00f3gica, nem espacial. \u00c9 civilizat\u00f3ria. O que exatamente queremos ampliar quando ampliamos o alcance da esp\u00e9cie? Nossa intelig\u00eancia ou nossa irresponsabilidade? Nossa curiosidade ou nossa cegueira? Vista do espa\u00e7o, a Terra encolhe de tamanho e cresce de significado.<\/p>\n<p>Jared Diamond, em Colapso, descreve um padr\u00e3o que atravessa sociedades e s\u00e9culos: civiliza\u00e7\u00f5es fracassam quando danos ambientais, mudan\u00e7as clim\u00e1ticas, press\u00f5es externas e decis\u00f5es pol\u00edticas ruins se acumulam, sobretudo quando lhes falta capacidade de responder aos pr\u00f3prios limites. O colapso n\u00e3o come\u00e7a apenas na escassez. Come\u00e7a na cegueira. N\u00e3o \u00e9 a natureza, sozinha, que derruba civiliza\u00e7\u00f5es. \u00c9 a recusa humana em corrigir a rota enquanto ainda h\u00e1 tempo. Por isso, Artemis n\u00e3o pode ser convertida em propaganda de escapismo. A fantasia de um planeta B \u00e9 a vers\u00e3o tecnol\u00f3gica de uma velha hybris: a cren\u00e7a de que poder material substitui responsabilidade moral.<\/p>\n<p>Os pr\u00f3prios astronautas relatam o oposto do que imaginam os escapistas. Do espa\u00e7o, percebem a fin\u00edssima camada de atmosfera que sustenta tudo o que conhecemos, a unidade do planeta antes de suas fronteiras, a despropor\u00e7\u00e3o entre a fragilidade da vida e a arrog\u00e2ncia com que a tratamos. A ci\u00eancia, nesse ponto, toca a \u00e9tica. E a arte percebeu isso antes da pol\u00edtica. Earthrise e Blue Marble n\u00e3o foram apenas fotografias memor\u00e1veis. Tornaram-se imagens emblem\u00e1ticas de uma nova consci\u00eancia hist\u00f3rica. Como toda grande obra, n\u00e3o apenas mostraram o mundo. Mudaram o modo de v\u00ea-lo.<\/p>\n<p>Se Apolo ajudou a galvanizar a consci\u00eancia ambiental, Artemis deveria marcar algo ainda mais exigente: o movimento da responsabilidade planet\u00e1ria. N\u00e3o um ambientalismo decorativo, feito de slogans, selos e gestos de fachada, mas uma \u00e9tica de sobreviv\u00eancia capaz de unir ci\u00eancia, pol\u00edtica, economia e imagina\u00e7\u00e3o. Uma \u00e9tica que trate a atmosfera como bem comum, os biomas como infraestrutura de vida, a \u00e1gua como patrim\u00f4nio do futuro e a desigualdade como parte insepar\u00e1vel da crise ecol\u00f3gica. N\u00e3o existe preserva\u00e7\u00e3o s\u00f3lida num mundo socialmente em ru\u00ednas.<\/p>\n<p>No Brasil, essa li\u00e7\u00e3o \u00e9 ainda mais concreta. Falar em responsabilidade planet\u00e1ria, entre n\u00f3s, \u00e9 falar de Amaz\u00f4nia, Cerrado, Pantanal, \u00e1gua, fogo, desmatamento, saneamento, cidade e desigualdade. \u00c9 reconhecer que a devasta\u00e7\u00e3o ambiental nunca chega sozinha: ela vem acompanhada de abandono pol\u00edtico, de vis\u00e3o econ\u00f4mica de curto prazo e de indiferen\u00e7a moral. Nossos biomas n\u00e3o s\u00e3o ornamento da paisagem nacional. S\u00e3o estruturas de estabilidade clim\u00e1tica, seguran\u00e7a alimentar, energia, produ\u00e7\u00e3o e futuro. Um pa\u00eds que abriga parcela decisiva da vida do planeta n\u00e3o tem o direito de pensar pequeno diante da pr\u00f3pria responsabilidade hist\u00f3rica.<\/p>\n<p>Nada disso exige ser contra a explora\u00e7\u00e3o espacial. Ao contr\u00e1rio. Explorar o espa\u00e7o pode ser uma das formas mais altas de aprender a cuidar da casa, desde que a casa permane\u00e7a sendo o centro moral da aventura. Ir ao cosmos para compreender melhor a Terra \u00e9 civiliza\u00e7\u00e3o. Ir ao cosmos para fantasiar abandono \u00e9 inf\u00e2ncia tecnol\u00f3gica. Eis, portanto, o verdadeiro movimento que Artemis deveria deixar: n\u00e3o o da fuga, mas o do retorno; n\u00e3o o da fantasia de outra casa, mas o da coragem de proteger esta; n\u00e3o o da conquista sem freio, mas o da civiliza\u00e7\u00e3o do limite. A Lua pode expandir nossa ambi\u00e7\u00e3o. S\u00f3 a Terra, por\u00e9m, sustenta nossa humanidade. E, se a nova era espacial n\u00e3o nos ensinar a amar com mais lucidez aquilo que \u00e9 finito, teremos ido longe demais sem aprender o essencial: a maior descoberta da Lua continua sendo a Terra.<\/p>\n<p><strong>Texto: Andr\u00e9 Lu\u00eds Torres Baby, eng. Florestal, <\/strong><strong>ME Sustentabilidade e Doutorando em Direito.<\/strong><\/p>\n","protected":false},"excerpt":{"rendered":"<p>Se Apolo ajudou a dar imagem e impulso \u00e0 consci\u00eancia ambiental ao nos mostrar a fragilidade do planeta, Artemis s\u00f3 ter\u00e1 estatura hist\u00f3rica se ajudar a inaugurar a era da responsabilidade planet\u00e1ria. N\u00e3o h\u00e1 planeta B. A frase se banalizou, mas seu sentido continua radical. Voltar \u00e0 Lua s\u00f3 ter\u00e1 grandeza moral se nos fizer [&hellip;]<\/p>\n","protected":false},"author":2,"featured_media":69297,"comment_status":"closed","ping_status":"closed","sticky":false,"template":"","format":"standard","meta":{"footnotes":""},"categories":[3],"tags":[],"class_list":["post-69294","post","type-post","status-publish","format-standard","has-post-thumbnail","hentry","category-opiniao"],"acf":[],"_links":{"self":[{"href":"https:\/\/www.crea-mt.org.br\/portal\/wp-json\/wp\/v2\/posts\/69294","targetHints":{"allow":["GET"]}}],"collection":[{"href":"https:\/\/www.crea-mt.org.br\/portal\/wp-json\/wp\/v2\/posts"}],"about":[{"href":"https:\/\/www.crea-mt.org.br\/portal\/wp-json\/wp\/v2\/types\/post"}],"author":[{"embeddable":true,"href":"https:\/\/www.crea-mt.org.br\/portal\/wp-json\/wp\/v2\/users\/2"}],"replies":[{"embeddable":true,"href":"https:\/\/www.crea-mt.org.br\/portal\/wp-json\/wp\/v2\/comments?post=69294"}],"version-history":[{"count":6,"href":"https:\/\/www.crea-mt.org.br\/portal\/wp-json\/wp\/v2\/posts\/69294\/revisions"}],"predecessor-version":[{"id":69304,"href":"https:\/\/www.crea-mt.org.br\/portal\/wp-json\/wp\/v2\/posts\/69294\/revisions\/69304"}],"wp:featuredmedia":[{"embeddable":true,"href":"https:\/\/www.crea-mt.org.br\/portal\/wp-json\/wp\/v2\/media\/69297"}],"wp:attachment":[{"href":"https:\/\/www.crea-mt.org.br\/portal\/wp-json\/wp\/v2\/media?parent=69294"}],"wp:term":[{"taxonomy":"category","embeddable":true,"href":"https:\/\/www.crea-mt.org.br\/portal\/wp-json\/wp\/v2\/categories?post=69294"},{"taxonomy":"post_tag","embeddable":true,"href":"https:\/\/www.crea-mt.org.br\/portal\/wp-json\/wp\/v2\/tags?post=69294"}],"curies":[{"name":"wp","href":"https:\/\/api.w.org\/{rel}","templated":true}]}}