{"id":6927,"date":"2007-03-27T00:00:00","date_gmt":"2007-03-27T03:00:00","guid":{"rendered":"https:\/\/crea-mt.org.br\/portal\/pac-mais-de-r-80-bilhoes-para-ampliar-a-geracao-de-energia-no-sudeste\/"},"modified":"2007-03-27T00:00:00","modified_gmt":"2007-03-27T03:00:00","slug":"pac-mais-de-r-80-bilhoes-para-ampliar-a-geracao-de-energia-no-sudeste","status":"publish","type":"post","link":"https:\/\/www.crea-mt.org.br\/portal\/pac-mais-de-r-80-bilhoes-para-ampliar-a-geracao-de-energia-no-sudeste\/","title":{"rendered":"PAC: mais de R$ 80 bilh\u00f5es para ampliar a gera\u00e7\u00e3o de energia no Sudeste"},"content":{"rendered":"<p>Dos R$ 80,8 bilh\u00f5es designados para incrementar a capacidade energ\u00e9tica do Sudeste, R$ 25 bilh\u00f5es ser\u00e3o destinados para a produ\u00e7\u00e3o de g\u00e1s natural, no intuito de perseguir a auto-sufici\u00eancia do produto. O investimento vai permitir que, em 2010, o Pa\u00eds atinja os 39,2 milh\u00f5es de metros c\u00fabicos\/dia. <\/p>\n<p>O investimento em g\u00e1s natural vai ao encontro do aumento do consumo nacional do produto. De acordo com a Associa\u00e7\u00e3o Brasileira das Empresas Distribuidoras de G\u00e1s Canalizado (Abeg\u00e1s), o g\u00e1s natural representa 9,4% da matriz energ\u00e9tica do Pa\u00eds, o triplo do registrado em meados dos anos 90. Atualmente, os 1,2 milh\u00e3o de consumidores demandam mais de 50 milh\u00f5es de m3\/dia, enquanto que a produ\u00e7\u00e3o foi de 26,8 milh\u00f5es de m3\/dia. Outros R$ 22,6 bilh\u00f5es ser\u00e3o repassados para a melhoria da qualidade, amplia\u00e7\u00e3o do refino e crescimento da produ\u00e7\u00e3o de petr\u00f3leo e derivados. <\/p>\n<p>Al\u00e9m disso, h\u00e1 projetos para constru\u00e7\u00e3o e finaliza\u00e7\u00e3o de nove usinas hidrel\u00e9tricas, de oito termel\u00e9tricas, duas centrais e\u00f3licas, tr\u00eas termel\u00e9tricas a biomassa e 15 PCHs (pequenas centrais el\u00e9tricas). Uma delas \u00e9 a Termel\u00e9trica de Cubat\u00e3o, que ter\u00e1 capacidade para gerar 250 MW quando entrar em opera\u00e7\u00e3o no segundo semestre de 2008. A usina vai funcionar com cogera\u00e7\u00e3o de energia el\u00e9trica e vapor e o sistema a ser utilizado vai reduzir em 70% as emiss\u00f5es de poluentes na atmosfera. Al\u00e9m disso, R$ 316 milh\u00f5es ser\u00e3o aplicados na instala\u00e7\u00e3o de usinas de biodiesel e R$ 8,5 bilh\u00f5es na produ\u00e7\u00e3o de etanol.     <\/p>\n<p>Transportes <\/p>\n<p>No caso da infra-estrutura log\u00edstica ser\u00e3o investidos no Sudeste R$ 7,9 bilh\u00f5es entre 2007 e 2010, em 16 projetos de constru\u00e7\u00e3o, amplia\u00e7\u00e3o, adequa\u00e7\u00e3o de rodovias, portos, linha f\u00e9rreas, bem como derrocagens e dragagens em portos da regi\u00e3o.<\/p>\n<p>Um deles \u00e9 a constru\u00e7\u00e3o, em parceira com o governo de S\u00e3o Paulo,  do trecho sul do Rodoanel, com 61,4 quil\u00f4metros de extens\u00e3o passando por Mau\u00e1, Santo Andr\u00e9, S\u00e3o Bernardo do Campo, Itapecerica da Serra e Embu. A obra vai evitar que ve\u00edculos pesados e autom\u00f3veis em passagem pela capital paulista trafeguem dentro da cidade, evitando grandes congestionamentos. Quando totalmente conclu\u00eddo, o Rodoanel ter\u00e1 175 Km de extens\u00e3o e vai beneficiar 15 milh\u00f5es de pessoas.<\/p>\n<p>Outra importante obra \u00e9 a dragagem de aprofundamento no canal de acesso do Porto de Santos, que vai permitir a chegada de navios de maior porte no local. Essa interven\u00e7\u00e3o vai contribuir para que o porto atinja seu potencial de expans\u00e3o &#8211; 110 milh\u00f5es de toneladas de carga\/ano. O maior porto do Pa\u00eds e da Am\u00e9rica Latina movimentou, em 2006, 75,2 milh\u00f5es de toneladas de cargas, como \u00e1lcool, petr\u00f3leo, \u00f3leo vegetal, a\u00e7\u00facar, carv\u00e3o, soja e trigo.   <\/p>\n<p>Para amplia\u00e7\u00e3o e moderniza\u00e7\u00e3o dos aeroportos da regi\u00e3o ser\u00e3o aplicados R$ 1,8 bilh\u00e3o nos pr\u00f3ximos quatro anos. Em todas as capitais haver\u00e1 interven\u00e7\u00f5es: Congonhas (SP), Santos Dumont e Tom Jobim (RJ), Vit\u00f3ria (ES), Confins (MG), al\u00e9m de Guarulhos (SP). <\/p>\n<p>Para saneamento, habita\u00e7\u00e3o e universaliza\u00e7\u00e3o da energia el\u00e9trica ser\u00e3o mais R$ 41,8 bilh\u00f5es, a segunda regi\u00e3o do Pa\u00eds a receber mais recursos para infra-estrutura social e urbana. Com eletricidade na zona rural ser\u00e3o beneficiadas 480 mil pessoas, no setor de habita\u00e7\u00e3o ser\u00e3o contempladas 1,78 milh\u00e3o de moradores do Sudeste e 8,7 milh\u00f5es de pessoas ter\u00e3o acesso a servi\u00e7os de saneamento. <\/p>\n<p>A regi\u00e3o mais populosa e industrializada do Pa\u00eds concentra 42,4% dos habitantes brasileiros e contribui com 54,9% (dado das Contas Regionais\/IBGE\/2004) do Produto Interno Bruto (PIB) nacional, ainda que essa participa\u00e7\u00e3o venha caindo desde a d\u00e9cada de 90. O Sudeste \u00e9 respons\u00e1vel por 58,5% da produ\u00e7\u00e3o da ind\u00fastria de transforma\u00e7\u00e3o (metalurgia b\u00e1sica, alimentos, celulose, m\u00f3veis, vestu\u00e1rio etc) e 83,7% do setor extrativo mineral. \u00c9 tamb\u00e9m a maior produtora de etanol, al\u00e9m de petr\u00f3leo e g\u00e1s natural &#8211; a maioria das reservas brasileiras se situam na regi\u00e3o  o que demanda um alto investimento na gera\u00e7\u00e3o de energia, assim como nas interven\u00e7\u00f5es de infra-estrutura social e urbana. <\/p>\n<p>Fonte:www.brasil.gov.br\/emquestao<\/p>\n","protected":false},"excerpt":{"rendered":"<p>Dos R$ 80,8 bilh\u00f5es designados para incrementar a capacidade energ\u00e9tica do Sudeste, R$ 25 bilh\u00f5es ser\u00e3o destinados para a produ\u00e7\u00e3o de g\u00e1s natural, no intuito de perseguir a auto-sufici\u00eancia do produto. O investimento vai permitir que, em 2010, o Pa\u00eds atinja os 39,2 milh\u00f5es de metros c\u00fabicos\/dia. O investimento em g\u00e1s natural vai ao encontro [&hellip;]<\/p>\n","protected":false},"author":1,"featured_media":0,"comment_status":"open","ping_status":"open","sticky":false,"template":"","format":"standard","meta":{"footnotes":""},"categories":[1],"tags":[],"class_list":["post-6927","post","type-post","status-publish","format-standard","hentry","category-noticias"],"acf":[],"_links":{"self":[{"href":"https:\/\/www.crea-mt.org.br\/portal\/wp-json\/wp\/v2\/posts\/6927","targetHints":{"allow":["GET"]}}],"collection":[{"href":"https:\/\/www.crea-mt.org.br\/portal\/wp-json\/wp\/v2\/posts"}],"about":[{"href":"https:\/\/www.crea-mt.org.br\/portal\/wp-json\/wp\/v2\/types\/post"}],"author":[{"embeddable":true,"href":"https:\/\/www.crea-mt.org.br\/portal\/wp-json\/wp\/v2\/users\/1"}],"replies":[{"embeddable":true,"href":"https:\/\/www.crea-mt.org.br\/portal\/wp-json\/wp\/v2\/comments?post=6927"}],"version-history":[{"count":0,"href":"https:\/\/www.crea-mt.org.br\/portal\/wp-json\/wp\/v2\/posts\/6927\/revisions"}],"wp:attachment":[{"href":"https:\/\/www.crea-mt.org.br\/portal\/wp-json\/wp\/v2\/media?parent=6927"}],"wp:term":[{"taxonomy":"category","embeddable":true,"href":"https:\/\/www.crea-mt.org.br\/portal\/wp-json\/wp\/v2\/categories?post=6927"},{"taxonomy":"post_tag","embeddable":true,"href":"https:\/\/www.crea-mt.org.br\/portal\/wp-json\/wp\/v2\/tags?post=6927"}],"curies":[{"name":"wp","href":"https:\/\/api.w.org\/{rel}","templated":true}]}}