{"id":6925,"date":"2007-03-27T00:00:00","date_gmt":"2007-03-27T03:00:00","guid":{"rendered":"https:\/\/crea-mt.org.br\/portal\/caruaru-recebe-encontro-regional-do-crea-pe\/"},"modified":"2007-03-27T00:00:00","modified_gmt":"2007-03-27T03:00:00","slug":"caruaru-recebe-encontro-regional-do-crea-pe","status":"publish","type":"post","link":"https:\/\/www.crea-mt.org.br\/portal\/caruaru-recebe-encontro-regional-do-crea-pe\/","title":{"rendered":"Caruaru recebe encontro regional do Crea-PE"},"content":{"rendered":"<p>A cidade de Caruaru foi o local escolhido pelo Conselho Regional de Engenharia, Arquitetura e Agronomia de Pernambuco (Crea-PE) para sediar o primeiro dos tr\u00eas encontros regionais que o Crea-PE far\u00e1 como preparat\u00f3rio para o 6\u00ba Congresso Estadual de Profissionais (CEP). O CEP acontecer\u00e1 em Recife, nos dia 1\u00ba e 2 de junho de 2007 e representa etapa preparat\u00f3ria para o 6\u00ba Congresso Nacional de Profissionais do Sistema Confea\/Crea. O encontro nacional acontecer\u00e1 de 15 a 18 de agosto, no Rio de Janeiro, como evento paralelo \u00e0 64\u00aa Semana Oficial da Engenharia, da Arquitetura e da Agronomia (SOEAA). <\/p>\n<p>Os Encontros Regionais t\u00eam como objetivo reunir contribui\u00e7\u00f5es dos profissionais acerca dos temas que ser\u00e3o discutidos. Ao todo ser\u00e3o tr\u00eas edi\u00e7\u00f5es. A primeira, em Caruaru, nesta ter\u00e7a-feira (27). A segunda, em Garanhuns, no dia 27 de abril e a terceira no dia 4 de maio, em Petrolina. <\/p>\n<p>Ao todo ser\u00e3o discutidos, em n\u00edvel nacional, sete temas: Um Conselho Multiprofissional &#8211; Projeto Nacional de Desenvolvimento Sustent\u00e1vel; Exame de Ordem; Anota\u00e7\u00e3o de Responsabilidade T\u00e9cnica &#8211; importante?; Estrutura e Composi\u00e7\u00e3o do Confea e dos Creas; Procedimentos Eleitorais para o Sistema Confea\/Crea; Confea\/Crea: Reflex\u00e3o sobre sua Natureza Jur\u00eddica e, Considera\u00e7\u00f5es sobre a Concess\u00e3o de Atribui\u00e7\u00f5es Profissionais. Al\u00e9m destes, Pacto Profissional e Social ser\u00e1 o tema central de todos os encontros. <\/p>\n<p>Caruaru<br \/>\nO encontro de Caruaru ser\u00e1 na Associa\u00e7\u00e3o Comercial e Empresarial de Caruaru (Acic), das 18h \u00e0s 22h. Nele, o engenheiro civil, Maur\u00edcio Andrade abordar\u00e1 o tema central: Pacto Profissional e Social. O engenheiro eletricista, Hiroshi Fujino, falar\u00e1 sobre o Exame de Ordem. A abordagem do tema Anota\u00e7\u00e3o de Responsabilidade T\u00e9cnica ficar\u00e1 a cargo do engenheiro civil Alexandre Santos. <\/p>\n<p>As discuss\u00f5es sobre o exame de ordem pretendem avaliar a possibilidade, viabilidade e necessidade de se aplicar esse mecanismo, quando da concess\u00e3o do registro profissional \u00e0s \u00e1reas tecnol\u00f3gicas. Sobre o tema Anota\u00e7\u00e3o de Responsabilidade T\u00e9cnica (ART), as discuss\u00f5es devem ser direcionadas para a import\u00e2ncia do documento no \u00e2mbito do Sistema, j\u00e1 que \u00e9 considerado um instrumento, tamb\u00e9m, de valoriza\u00e7\u00e3o profissional. <\/p>\n<p>De acordo com o coordenador da comiss\u00e3o organizadora do 6\u00ba Congresso Estadual de Profissionais (CEP), arquiteto Roberto Freitas, os profissionais que contribu\u00edrem com os temas discutidos nos encontros regionais estar\u00e3o aptos para participarem como delegados do 6\u00ba CEP e ainda, poder\u00e3o participar, durante o encontro estadual, do sorteio para escolha dos delegados que representar\u00e3o Pernambuco no Congresso Nacional de Profissionais do Sistema Confea\/Crea (CNP). <\/p>\n<p>As inscri\u00e7\u00f5es s\u00e3o gratuitas e podem ser feitas pelos e-mails: apoio@creape.org.br ou elivaniamelo@creape.org.br. A participa\u00e7\u00e3o \u00e9 restrita aos profissionais do Sistema Confea\/Crea. Mais informa\u00e7\u00f5es pelo telefone (81) 3423-4383, ramal 256, com Eliv\u00e2nia Melo.<\/p>\n<p>Fonte:Crea-PE<\/p>\n","protected":false},"excerpt":{"rendered":"<p>A cidade de Caruaru foi o local escolhido pelo Conselho Regional de Engenharia, Arquitetura e Agronomia de Pernambuco (Crea-PE) para sediar o primeiro dos tr\u00eas encontros regionais que o Crea-PE far\u00e1 como preparat\u00f3rio para o 6\u00ba Congresso Estadual de Profissionais (CEP). O CEP acontecer\u00e1 em Recife, nos dia 1\u00ba e 2 de junho de 2007 [&hellip;]<\/p>\n","protected":false},"author":1,"featured_media":0,"comment_status":"open","ping_status":"open","sticky":false,"template":"","format":"standard","meta":{"footnotes":""},"categories":[1],"tags":[],"class_list":["post-6925","post","type-post","status-publish","format-standard","hentry","category-noticias"],"acf":[],"_links":{"self":[{"href":"https:\/\/www.crea-mt.org.br\/portal\/wp-json\/wp\/v2\/posts\/6925","targetHints":{"allow":["GET"]}}],"collection":[{"href":"https:\/\/www.crea-mt.org.br\/portal\/wp-json\/wp\/v2\/posts"}],"about":[{"href":"https:\/\/www.crea-mt.org.br\/portal\/wp-json\/wp\/v2\/types\/post"}],"author":[{"embeddable":true,"href":"https:\/\/www.crea-mt.org.br\/portal\/wp-json\/wp\/v2\/users\/1"}],"replies":[{"embeddable":true,"href":"https:\/\/www.crea-mt.org.br\/portal\/wp-json\/wp\/v2\/comments?post=6925"}],"version-history":[{"count":0,"href":"https:\/\/www.crea-mt.org.br\/portal\/wp-json\/wp\/v2\/posts\/6925\/revisions"}],"wp:attachment":[{"href":"https:\/\/www.crea-mt.org.br\/portal\/wp-json\/wp\/v2\/media?parent=6925"}],"wp:term":[{"taxonomy":"category","embeddable":true,"href":"https:\/\/www.crea-mt.org.br\/portal\/wp-json\/wp\/v2\/categories?post=6925"},{"taxonomy":"post_tag","embeddable":true,"href":"https:\/\/www.crea-mt.org.br\/portal\/wp-json\/wp\/v2\/tags?post=6925"}],"curies":[{"name":"wp","href":"https:\/\/api.w.org\/{rel}","templated":true}]}}