{"id":6924,"date":"2007-03-27T00:00:00","date_gmt":"2007-03-27T03:00:00","guid":{"rendered":"https:\/\/crea-mt.org.br\/portal\/crea-ma-faz-parceria-para-realizacao-do-6o-cep\/"},"modified":"2007-03-27T00:00:00","modified_gmt":"2007-03-27T03:00:00","slug":"crea-ma-faz-parceria-para-realizacao-do-6o-cep","status":"publish","type":"post","link":"https:\/\/www.crea-mt.org.br\/portal\/crea-ma-faz-parceria-para-realizacao-do-6o-cep\/","title":{"rendered":"Crea-MA faz parceria para realiza\u00e7\u00e3o do 6\u00ba CEP"},"content":{"rendered":"<p>O Conselho Regional de Engenharia, Arquitetura e Agronomia do Maranh\u00e3o (Crea-MA), em parceria com o Governo do Estado, por meio da Universidade Virtual do Maranh\u00e3o (Univima), realizar\u00e1, de 19 e 20 de abril, o 6\u00ba. Congresso Estadual dos Profissionais (CEP). O evento ter\u00e1 como tema central &#8220;O Novo Pacto Profissional e Social&#8221;.  <\/p>\n<p>O modo de realiza\u00e7\u00e3o do evento ser\u00e1 pioneiro, pois haver\u00e1 participa\u00e7\u00e3o simult\u00e2nea, em tempo real, do presidente do Conselho Federal de Engenharia, Arquitetura e Agronomia (Confea), eng. Marcos T\u00falio de Melo, que far\u00e1 a abertura; e dos presidentes dos Creas do Maranh\u00e3o, eng. Raymundo Portelada; do Rio Grande do Sul, eng. Gustavo Andr\u00e9 Lange; de Santa Catarina, eng. agr\u00f4nomo Raul Zucatto; do Rio de Janeiro, eng. eletricista Reinaldo Barros; e de Bras\u00edlia, eng. civil Lia S\u00e1.  <\/p>\n<p>Ontem, 26\/3, o presidente do Crea-MA, Raymundo Portelada, esteve no Centro de Tecnologia do maranh\u00e3o, onde conheceu a tecnologia da Univima e conversou, via sat\u00e9lite, com inspetores regionais do Crea e com coordenadores e secret\u00e1rios da Universidade. Acompanhado do superintendente e do gerente de Fiscaliza\u00e7\u00e3o, Francisco Jos\u00e9 Albuquerque e Jos\u00e9 \u00c1lvaro Costa, respectivamente, Portelada acertou detalhes do 6\u00ba CEP, para que haja intera\u00e7\u00e3o total, nos p\u00f3los, entre a Coordena\u00e7\u00e3o Central e os participantes. <\/p>\n<p>Integra\u00e7\u00e3o<br \/>\nOs profissionais da engenharia registrados no Maranh\u00e3o ter\u00e3o, durante do 6\u00ba CEP, a oportunidade de debater a\u00e7\u00f5es e os rumos para suas profiss\u00f5es, pois, nessas datas, estar\u00e3o no Pal\u00e1cio Henrique de La Rocque e, simultaneamente, nos Escrit\u00f3rios P\u00f3los da Univima de A\u00e7ail\u00e2ndia, Barra do Corda, Brejo(Chapadinha), Caxias, Cod\u00f3, Imperatriz, Pedreiras, Porto Franco, Pinheiro e Santa In\u00eas, onde, coincidentemente est\u00e3o tamb\u00e9m instaladas as 12 Inspetorias. Al\u00e9m disso, estar\u00e3o tamb\u00e9m na Universidade Estadual do Maranh\u00e3o (Uema), por meio do seu Centro Integrado de Educa\u00e7\u00e3o de Colinas e Centro de Estudos Superiores de Timon. <\/p>\n<p>O 6\u00ba CEP \u00e9 de fundamental import\u00e2ncia para a engenharia do pa\u00eds. Seu objetivo \u00e9 discutir e propor pol\u00edticas, estrat\u00e9gias, planos e programas de atua\u00e7\u00e3o, bem como afirmar o papel dos profissionais da \u00e1rea da engenharia, arquitetura, agronomia, geologia, geografia e meteorologia no desenvolvimento nacional e propiciar maior integra\u00e7\u00e3o do Sistema Confea\/Crea.  <\/p>\n<p>Ser\u00e3o debatidos sete eixos tem\u00e1ticos: A Identidade das Profiss\u00f5es e dos Profissionais; A Efic\u00e1cia do Exerc\u00edcio Profissional; As Finalidades e Pap\u00e9is Institucionais dos Integrantes do Sistema Confea\/Crea; A Adequa\u00e7\u00e3o das Estruturas Organizacionais; A Composi\u00e7\u00e3o dos Conselhos Federal e Regionais; A Forma\u00e7\u00e3o Profissional: Atual Modelo e Demandas Futuras e A Participa\u00e7\u00e3o do Profissional na Elabora\u00e7\u00e3o de um Projeto de Pa\u00eds com Desenvolvimento Sustent\u00e1vel.  <\/p>\n<p>Na oportunidade, tamb\u00e9m ser\u00e3o escolhidos os Delegados que participar\u00e3o do 6\u00ba Congresso Nacional de Profissionais (CNP). Esse evento ser\u00e1 realizado no Rio de Janeiro, de 12 a 18 de agosto de 2007, paralelamente \u00e0 Semana Oficial da Engenharia, da Arquitetura e da Agronomia. A inten\u00e7\u00e3o \u00e9 envolver os profissionais nas discuss\u00f5es sobre mudan\u00e7as na legisla\u00e7\u00e3o do Sistema, com \u00eanfase no desenvolvimento da engenharia no Brasil, com vistas a firmar um novo Pacto Profissional e Social. <\/p>\n<p>Fonte :Crea-MA<\/p>\n","protected":false},"excerpt":{"rendered":"<p>O Conselho Regional de Engenharia, Arquitetura e Agronomia do Maranh\u00e3o (Crea-MA), em parceria com o Governo do Estado, por meio da Universidade Virtual do Maranh\u00e3o (Univima), realizar\u00e1, de 19 e 20 de abril, o 6\u00ba. Congresso Estadual dos Profissionais (CEP). O evento ter\u00e1 como tema central &#8220;O Novo Pacto Profissional e Social&#8221;. O modo de [&hellip;]<\/p>\n","protected":false},"author":1,"featured_media":0,"comment_status":"open","ping_status":"open","sticky":false,"template":"","format":"standard","meta":{"footnotes":""},"categories":[1],"tags":[],"class_list":["post-6924","post","type-post","status-publish","format-standard","hentry","category-noticias"],"acf":[],"_links":{"self":[{"href":"https:\/\/www.crea-mt.org.br\/portal\/wp-json\/wp\/v2\/posts\/6924","targetHints":{"allow":["GET"]}}],"collection":[{"href":"https:\/\/www.crea-mt.org.br\/portal\/wp-json\/wp\/v2\/posts"}],"about":[{"href":"https:\/\/www.crea-mt.org.br\/portal\/wp-json\/wp\/v2\/types\/post"}],"author":[{"embeddable":true,"href":"https:\/\/www.crea-mt.org.br\/portal\/wp-json\/wp\/v2\/users\/1"}],"replies":[{"embeddable":true,"href":"https:\/\/www.crea-mt.org.br\/portal\/wp-json\/wp\/v2\/comments?post=6924"}],"version-history":[{"count":0,"href":"https:\/\/www.crea-mt.org.br\/portal\/wp-json\/wp\/v2\/posts\/6924\/revisions"}],"wp:attachment":[{"href":"https:\/\/www.crea-mt.org.br\/portal\/wp-json\/wp\/v2\/media?parent=6924"}],"wp:term":[{"taxonomy":"category","embeddable":true,"href":"https:\/\/www.crea-mt.org.br\/portal\/wp-json\/wp\/v2\/categories?post=6924"},{"taxonomy":"post_tag","embeddable":true,"href":"https:\/\/www.crea-mt.org.br\/portal\/wp-json\/wp\/v2\/tags?post=6924"}],"curies":[{"name":"wp","href":"https:\/\/api.w.org\/{rel}","templated":true}]}}