{"id":6921,"date":"2007-03-27T00:00:00","date_gmt":"2007-03-27T03:00:00","guid":{"rendered":"https:\/\/crea-mt.org.br\/portal\/valor-dos-adubos-continuara-em-ascendencia-diz-anda\/"},"modified":"2007-03-27T00:00:00","modified_gmt":"2007-03-27T03:00:00","slug":"valor-dos-adubos-continuara-em-ascendencia-diz-anda","status":"publish","type":"post","link":"https:\/\/www.crea-mt.org.br\/portal\/valor-dos-adubos-continuara-em-ascendencia-diz-anda\/","title":{"rendered":"Valor dos adubos continuar\u00e1 em ascend\u00eancia, diz Anda"},"content":{"rendered":"<p>O pre\u00e7o dos adubos aumentou e deve continuar subindo para a safra 07\/08, conforme o diretor executivo da Associa\u00e7\u00e3o Nacional para Difus\u00e3o de Adubos (Anda), Eduardo Daher. Ele destaca que o valor do produto vai acompanhar o crescimento na demanda internacional e defende que n\u00e3o existe nenhum tipo de especula\u00e7\u00e3o por parte das ind\u00fastrias do ramo para for\u00e7ar a eleva\u00e7\u00e3o no pre\u00e7o. &#8220;\u00c9 uma quest\u00e3o de oferta e procura&#8221;, diz. <\/p>\n<p>Pa\u00edses como a China, a \u00cdndia e os Estados Unidos elevaram a necessidade de fertilizantes e agora compram quase quatro vezes mais que o Brasil. Mas de acordo com Daher, o aumento no valor dos produtos desencadeou um reflexo negativo: a queda no consumo interno. &#8220;Com a valoriza\u00e7\u00e3o, o produtor passou a comprar menos ou deixou de comprar os adubos&#8221;, observa. Somente este m\u00eas, a demanda caiu de 10% a 15% em rela\u00e7\u00e3o ao que estava previsto. <\/p>\n<p>At\u00e9 fevereiro, a venda de adubos estava batendo sucessivos recordes tanto em Mato Grosso como no Pa\u00eds. Segundo n\u00fameros da Anda, as vendas de fertilizantes aumentaram quase 96% no primeiro bimestre deste ano em rela\u00e7\u00e3o ao mesmo per\u00edodo do ano passado no Estado. No per\u00edodo, o volume saltou de 316,6 mil toneladas para 620,2 mil toneladas. Em todo o Pa\u00eds, o consumo aumentou cerca de 35% do bimestre, chegando a 3 milh\u00f5es de toneladas. (AM) <\/p>\n<p>Fonte;Di\u00e1rio de Cuiab\u00e1<\/p>\n","protected":false},"excerpt":{"rendered":"<p>O pre\u00e7o dos adubos aumentou e deve continuar subindo para a safra 07\/08, conforme o diretor executivo da Associa\u00e7\u00e3o Nacional para Difus\u00e3o de Adubos (Anda), Eduardo Daher. Ele destaca que o valor do produto vai acompanhar o crescimento na demanda internacional e defende que n\u00e3o existe nenhum tipo de especula\u00e7\u00e3o por parte das ind\u00fastrias do [&hellip;]<\/p>\n","protected":false},"author":1,"featured_media":0,"comment_status":"open","ping_status":"open","sticky":false,"template":"","format":"standard","meta":{"footnotes":""},"categories":[1],"tags":[],"class_list":["post-6921","post","type-post","status-publish","format-standard","hentry","category-noticias"],"acf":[],"_links":{"self":[{"href":"https:\/\/www.crea-mt.org.br\/portal\/wp-json\/wp\/v2\/posts\/6921","targetHints":{"allow":["GET"]}}],"collection":[{"href":"https:\/\/www.crea-mt.org.br\/portal\/wp-json\/wp\/v2\/posts"}],"about":[{"href":"https:\/\/www.crea-mt.org.br\/portal\/wp-json\/wp\/v2\/types\/post"}],"author":[{"embeddable":true,"href":"https:\/\/www.crea-mt.org.br\/portal\/wp-json\/wp\/v2\/users\/1"}],"replies":[{"embeddable":true,"href":"https:\/\/www.crea-mt.org.br\/portal\/wp-json\/wp\/v2\/comments?post=6921"}],"version-history":[{"count":0,"href":"https:\/\/www.crea-mt.org.br\/portal\/wp-json\/wp\/v2\/posts\/6921\/revisions"}],"wp:attachment":[{"href":"https:\/\/www.crea-mt.org.br\/portal\/wp-json\/wp\/v2\/media?parent=6921"}],"wp:term":[{"taxonomy":"category","embeddable":true,"href":"https:\/\/www.crea-mt.org.br\/portal\/wp-json\/wp\/v2\/categories?post=6921"},{"taxonomy":"post_tag","embeddable":true,"href":"https:\/\/www.crea-mt.org.br\/portal\/wp-json\/wp\/v2\/tags?post=6921"}],"curies":[{"name":"wp","href":"https:\/\/api.w.org\/{rel}","templated":true}]}}