{"id":6917,"date":"2007-03-26T00:00:00","date_gmt":"2007-03-26T03:00:00","guid":{"rendered":"https:\/\/crea-mt.org.br\/portal\/bacia-do-rio-xingu-sera-monitorada-por-tribos-indigenas-no-mato-grosso-e-para\/"},"modified":"2007-03-26T00:00:00","modified_gmt":"2007-03-26T03:00:00","slug":"bacia-do-rio-xingu-sera-monitorada-por-tribos-indigenas-no-mato-grosso-e-para","status":"publish","type":"post","link":"https:\/\/www.crea-mt.org.br\/portal\/bacia-do-rio-xingu-sera-monitorada-por-tribos-indigenas-no-mato-grosso-e-para\/","title":{"rendered":"Bacia do Rio Xingu ser\u00e1 monitorada por tribos ind\u00edgenas no Mato Grosso e Par\u00e1"},"content":{"rendered":"<p>Fonte: Radiobr\u00e1s <\/p>\n<p>O Instituto Socioambiental (ISA) e a Ag\u00eancia Nacional de \u00c1guas (ANA) firmaram um conv\u00eanio de capacita\u00e7\u00e3o de tribos ind\u00edgenas para refor\u00e7ar o monitoramento da bacia hidrogr\u00e1fica do Rio Xingu, localizado no Mato Grosso e no Par\u00e1.  Os \u00edndios far\u00e3o o levantamento de dados para elabora\u00e7\u00e3o de planos de gest\u00e3o para a conserva\u00e7\u00e3o da bacia.<\/p>\n<p>O acordo prev\u00ea a instala\u00e7\u00e3o de esta\u00e7\u00f5es de observa\u00e7\u00e3o e coleta, estudos sobre a qualidade e a quantidade da \u00e1gua, entre outras a\u00e7\u00f5es.  O superintendente de administra\u00e7\u00e3o da rede hidrometeorol\u00f3gica da ANA, Valdemar Guimar\u00e3es, diz que o acordo ser\u00e1 importante para que a ag\u00eancia possa utilizar os dados obtidos sobre a bacia hidrogr\u00e1fica, considerada uma das mais importantes do pa\u00eds.<\/p>\n<p>&#8220;O ISA j\u00e1 est\u00e1 junto \u00e0 comunidade e pode nos auxiliar na avalia\u00e7\u00e3o dos impactos que est\u00e3o ocorrendo no local&#8221;, explica Guimar\u00e3es.<\/p>\n<p>O acordo foi motivado pela realiza\u00e7\u00e3o da campanha &#8216;Y Ikatu Xingu, que tem o objetivo de proteger e recuperar as nascentes e matas ciliares do Xingu no Mato Grosso.  Para o coordenador da campanha pelo ISA, M\u00e1rcio Santilli, o termo de coopera\u00e7\u00e3o \u00e9 uma oportunidade para facilitar o acesso da ANA ao cen\u00e1rio local.<\/p>\n<p>&#8220;A id\u00e9ia \u00e9 montar uma rede consistente que possa fazer o monitoramento da bacia como um todo e de produzir informa\u00e7\u00f5es regulares ao longo do tempo sobre a situa\u00e7\u00e3o da \u00e1gua&#8221;, afirma Santilli.<\/p>\n<p>De acordo com o Instituto Socioambiental, a Bacia do Xingu tem 51 milh\u00f5es de hectares, sendo que 17 milh\u00f5es est\u00e3o situados no Mato Grosso, percorrendo 35 munic\u00edpios do estado.  A campanha &#8216;Y Ikatu Xingu trabalha atualmente com 18 projetos de recupera\u00e7\u00e3o de mata ciliar em diversos munic\u00edpios no entorno do Parque Ind\u00edgena do Xingu<\/p>\n","protected":false},"excerpt":{"rendered":"<p>Fonte: Radiobr\u00e1s O Instituto Socioambiental (ISA) e a Ag\u00eancia Nacional de \u00c1guas (ANA) firmaram um conv\u00eanio de capacita\u00e7\u00e3o de tribos ind\u00edgenas para refor\u00e7ar o monitoramento da bacia hidrogr\u00e1fica do Rio Xingu, localizado no Mato Grosso e no Par\u00e1. Os \u00edndios far\u00e3o o levantamento de dados para elabora\u00e7\u00e3o de planos de gest\u00e3o para a conserva\u00e7\u00e3o da [&hellip;]<\/p>\n","protected":false},"author":1,"featured_media":0,"comment_status":"open","ping_status":"open","sticky":false,"template":"","format":"standard","meta":{"footnotes":""},"categories":[1],"tags":[],"class_list":["post-6917","post","type-post","status-publish","format-standard","hentry","category-noticias"],"acf":[],"_links":{"self":[{"href":"https:\/\/www.crea-mt.org.br\/portal\/wp-json\/wp\/v2\/posts\/6917","targetHints":{"allow":["GET"]}}],"collection":[{"href":"https:\/\/www.crea-mt.org.br\/portal\/wp-json\/wp\/v2\/posts"}],"about":[{"href":"https:\/\/www.crea-mt.org.br\/portal\/wp-json\/wp\/v2\/types\/post"}],"author":[{"embeddable":true,"href":"https:\/\/www.crea-mt.org.br\/portal\/wp-json\/wp\/v2\/users\/1"}],"replies":[{"embeddable":true,"href":"https:\/\/www.crea-mt.org.br\/portal\/wp-json\/wp\/v2\/comments?post=6917"}],"version-history":[{"count":0,"href":"https:\/\/www.crea-mt.org.br\/portal\/wp-json\/wp\/v2\/posts\/6917\/revisions"}],"wp:attachment":[{"href":"https:\/\/www.crea-mt.org.br\/portal\/wp-json\/wp\/v2\/media?parent=6917"}],"wp:term":[{"taxonomy":"category","embeddable":true,"href":"https:\/\/www.crea-mt.org.br\/portal\/wp-json\/wp\/v2\/categories?post=6917"},{"taxonomy":"post_tag","embeddable":true,"href":"https:\/\/www.crea-mt.org.br\/portal\/wp-json\/wp\/v2\/tags?post=6917"}],"curies":[{"name":"wp","href":"https:\/\/api.w.org\/{rel}","templated":true}]}}