{"id":6916,"date":"2007-03-28T00:00:00","date_gmt":"2007-03-28T03:00:00","guid":{"rendered":"https:\/\/crea-mt.org.br\/portal\/equador-nao-da-garantias-a-petrobras-no-pais\/"},"modified":"2007-03-28T00:00:00","modified_gmt":"2007-03-28T03:00:00","slug":"equador-nao-da-garantias-a-petrobras-no-pais","status":"publish","type":"post","link":"https:\/\/www.crea-mt.org.br\/portal\/equador-nao-da-garantias-a-petrobras-no-pais\/","title":{"rendered":"Equador n\u00e3o d\u00e1 garantias \u00e0 Petrobr\u00e1s no pa\u00eds"},"content":{"rendered":"<p>Fonte: O Estado de S.Paulo <\/p>\n<p>Chanceler equatoriana se re\u00fane com o brasileiro Celso Amorim e afirma que rela\u00e7\u00e3o deve ser &#8216;sustent\u00e1vel&#8217;<\/p>\n<p>A ministra das Rela\u00e7\u00f5es Exteriores do Equador, Mar\u00eda Fernanda Espinosa, n\u00e3o deu ao chanceler Celso Amorim nenhuma garantia de que os investimentos da Petrobr\u00e1s na extra\u00e7\u00e3o e produ\u00e7\u00e3o de petr\u00f3leo de seu pa\u00eds ser\u00e3o preservados.  Ao final do encontro no Itamaraty, ontem, Mar\u00eda Fernanda limitou-se a assinalar que o novo governo equatoriano quer construir uma rela\u00e7\u00e3o &#8220;sustent\u00e1vel e previs\u00edvel&#8221; entre as empresas estrangeiras e as comunidades ind\u00edgenas locais.  Amorim, entretanto, afirmou que a Petrobr\u00e1s manter\u00e1 seus projetos de investimento no Equador.<\/p>\n<p>O encontro entre os dois ministros teve o objetivo de preparar a visita ao Brasil do presidente equatoriano, Rafael Correa, no dia 4.  Para a visita, est\u00e1 prevista a assinatura de cerca de dez acordos de coopera\u00e7\u00e3o t\u00e9cnica nas \u00e1reas de sa\u00fade, de educa\u00e7\u00e3o e de infra-estrutura, al\u00e9m de um poss\u00edvel pacote para reduzir o super\u00e1vit brasileiro no com\u00e9rcio bilateral, por meio da eleva\u00e7\u00e3o das exporta\u00e7\u00f5es equatorianas ao Brasil.  No ano passado, esse super\u00e1vit foi de cerca de US$ 860 milh\u00f5es.<\/p>\n<p>&#8220;Durante mais de 60 anos, os maiores passivos sociais e ambientais foram acumulados por essas comunidades&#8221;, disse a ministra.  &#8220;N\u00e3o posso sair pelo mundo pedindo garantias totais para que certas coisas n\u00e3o sejam feitas.  Sen\u00e3o, parece que estamos querendo que essas coisas sejam feitas.  \u00c9 como nas rela\u00e7\u00f5es humanas: voc\u00ea pede garantias todos os dias a seu marido de como vai ser em dois anos?&#8221;, escapou Amorim.<\/p>\n<p>Presente no Equador desde 1996, a Petrobr\u00e1s destinou investimentos de mais de US$ 430 milh\u00f5es na explora\u00e7\u00e3o de dois blocos e na participa\u00e7\u00e3o em um oleoduto.  Para os pr\u00f3ximos anos, prev\u00ea mais US$ 300 milh\u00f5es.  Mas ambos os blocos tornaram-se alvos de protestos ambientais e sociais, movidos especialmente pelas comunidades ind\u00edgenas.<\/p>\n<p>No in\u00edcio de fevereiro, Correa prop\u00f4s uma &#8220;alian\u00e7a estatal&#8221; nas \u00e1reas de refino e de explora\u00e7\u00e3o de petr\u00f3leo para a Petrobr\u00e1s e demais companhias do setor.  Desde o dia 9, entretanto, a produ\u00e7\u00e3o da Petrobr\u00e1s est\u00e1 paralisada por causa dos protestos da popula\u00e7\u00e3o.<\/p>\n<p>No Itamaraty, a chanceler Mar\u00eda Fernanda afirmou que o pacote econ\u00f4mico que o presidente Correa anunciar\u00e1 nos pr\u00f3ximos dias n\u00e3o tem a finalidade de &#8220;manter zonas cinzentas nem de criar incertezas&#8221; nos mercados.  Sua declara\u00e7\u00e3o, entretanto, contrariou a mensagem de seu chefe, no s\u00e1bado.  O pr\u00f3prio Correa, ex-professor de Economia, afirmara que o pa\u00eds poderia dar um salto se n\u00e3o pagasse a d\u00edvida externa e seu objetivo seria provocar incertezas nos mercados &#8211; &#8220;especulativos&#8221;, como sempre os chama.<\/p>\n<p>&#8220;A estrat\u00e9gica do governo (&#8230;) \u00e9 causar incerteza nos mercados especulativos&#8221;, afirmou.  &#8220;Reservamos o direito de n\u00e3o pagar a d\u00edvida se a situa\u00e7\u00e3o do pa\u00eds n\u00e3o recomendar.&#8221;<\/p>\n<p>Segundo a ministra, o pacote econ\u00f4mico estar\u00e1 focado na &#8220;responsabilidade corporativa, ambiental e trabalhista&#8221; e ter\u00e1 a finalidade de atrair investimento, criar empregos, expandir o cr\u00e9dito p\u00fablico e estimular as micro e pequenas empresas.<\/p>\n","protected":false},"excerpt":{"rendered":"<p>Fonte: O Estado de S.Paulo Chanceler equatoriana se re\u00fane com o brasileiro Celso Amorim e afirma que rela\u00e7\u00e3o deve ser &#8216;sustent\u00e1vel&#8217; A ministra das Rela\u00e7\u00f5es Exteriores do Equador, Mar\u00eda Fernanda Espinosa, n\u00e3o deu ao chanceler Celso Amorim nenhuma garantia de que os investimentos da Petrobr\u00e1s na extra\u00e7\u00e3o e produ\u00e7\u00e3o de petr\u00f3leo de seu pa\u00eds ser\u00e3o [&hellip;]<\/p>\n","protected":false},"author":1,"featured_media":0,"comment_status":"open","ping_status":"open","sticky":false,"template":"","format":"standard","meta":{"footnotes":""},"categories":[1],"tags":[],"class_list":["post-6916","post","type-post","status-publish","format-standard","hentry","category-noticias"],"acf":[],"_links":{"self":[{"href":"https:\/\/www.crea-mt.org.br\/portal\/wp-json\/wp\/v2\/posts\/6916","targetHints":{"allow":["GET"]}}],"collection":[{"href":"https:\/\/www.crea-mt.org.br\/portal\/wp-json\/wp\/v2\/posts"}],"about":[{"href":"https:\/\/www.crea-mt.org.br\/portal\/wp-json\/wp\/v2\/types\/post"}],"author":[{"embeddable":true,"href":"https:\/\/www.crea-mt.org.br\/portal\/wp-json\/wp\/v2\/users\/1"}],"replies":[{"embeddable":true,"href":"https:\/\/www.crea-mt.org.br\/portal\/wp-json\/wp\/v2\/comments?post=6916"}],"version-history":[{"count":0,"href":"https:\/\/www.crea-mt.org.br\/portal\/wp-json\/wp\/v2\/posts\/6916\/revisions"}],"wp:attachment":[{"href":"https:\/\/www.crea-mt.org.br\/portal\/wp-json\/wp\/v2\/media?parent=6916"}],"wp:term":[{"taxonomy":"category","embeddable":true,"href":"https:\/\/www.crea-mt.org.br\/portal\/wp-json\/wp\/v2\/categories?post=6916"},{"taxonomy":"post_tag","embeddable":true,"href":"https:\/\/www.crea-mt.org.br\/portal\/wp-json\/wp\/v2\/tags?post=6916"}],"curies":[{"name":"wp","href":"https:\/\/api.w.org\/{rel}","templated":true}]}}