{"id":6910,"date":"2007-03-28T00:00:00","date_gmt":"2007-03-28T03:00:00","guid":{"rendered":"https:\/\/crea-mt.org.br\/portal\/com-decisao-do-tse-39-deputados-podem-perder-seus-mandatos\/"},"modified":"2007-03-28T00:00:00","modified_gmt":"2007-03-28T03:00:00","slug":"com-decisao-do-tse-39-deputados-podem-perder-seus-mandatos","status":"publish","type":"post","link":"https:\/\/www.crea-mt.org.br\/portal\/com-decisao-do-tse-39-deputados-podem-perder-seus-mandatos\/","title":{"rendered":"Com decis\u00e3o do TSE, 39 deputados podem perder seus mandatos"},"content":{"rendered":"<p>Fonte:Folha Online<\/p>\n<p>A interpreta\u00e7\u00e3o do TSE (Tribunal Superior Eleitoral) de que os mandatos pertencem aos partidos, e n\u00e3o aos parlamentares, pode atingir 39 deputados que trocaram de legenda desde as \u00faltimas elei\u00e7\u00f5es. PFL, PPS e PDT j\u00e1 anteciparam que v\u00e3o recorrer \u00e0 Justi\u00e7a para reaver os cargos. Os tr\u00eas partidos entendem que, a partir da orienta\u00e7\u00e3o do TSE, os deputados que deixaram as legendas sem justificativa perder\u00e3o os mandatos.<\/p>\n<p>O PSDB tamb\u00e9m analisa se vai recorrer \u00e0 Justi\u00e7a para ter os mandatos de volta. Mas, antes, quer uma explica\u00e7\u00e3o t\u00e9cnica de sua assessoria jur\u00eddica para ter certeza que a decis\u00e3o \u00e9 retroativa. A maioria dos partidos j\u00e1 avisou que n\u00e3o ir\u00e1 aceitar os deputados de volta, caso queiram retornar \u00e0s suas legendas de origem para evitar a perda do mandato. Se n\u00e3o forem aceitos, perder\u00e3o as vagas para os suplentes.<\/p>\n<p>O partido que mais ter\u00e1 preju\u00edzos caso a Justi\u00e7a siga a orienta\u00e7\u00e3o do TSE ser\u00e1 o PR, que ganhou 16 deputados este ano. Na seq\u00fc\u00eancia est\u00e3o PMDB (6 deputados), PAN (4), PSB (3), PTB (2), PSC, PT e PP (1). Por outro lado, o PFL e o PPS poder\u00e3o ter de volta oito mandatos, enquanto o PSDB, sete.<\/p>\n<p>Nos registros da C\u00e2mara, o PFL perdeu oficialmente sete deputados. Mas o partido informou que foi comunicado pela deputada Jusmari Oliveira (PFL-BA) que ela se desfiliou. A parlamentar ainda n\u00e3o comunicou \u00e0 C\u00e2mara sobre a mudan\u00e7a.<\/p>\n<p>Estrat\u00e9gia<\/p>\n<p>O presidente do PSDB, Tasso Jereissati (CE), disse que a interpreta\u00e7\u00e3o do TSE \u00e9 um golpe na estrat\u00e9gia do Pal\u00e1cio do Planalto de cooptar parlamentares para a base aliada. &#8220;Nos \u00faltimos meses, ficou expl\u00edcita a oferta de cargos para mudan\u00e7as de partido. Isso envergonha a classe pol\u00edtica. \u00c9 preciso dar um basta nisso&#8221;, afirmou.<\/p>\n<p>J\u00e1 o presidente do PPS, Roberto Freire (PE), tamb\u00e9m considerou a mudan\u00e7a positiva. &#8220;Vem em boa hora essa decis\u00e3o para restaurar a moralidade no pa\u00eds. O troca-troca estava sendo articulado pelo presidente Lula num processo de coopta\u00e7\u00e3o de parlamentares da oposi\u00e7\u00e3o para a sua base de sustenta\u00e7\u00e3o&#8221;, afirmou.<\/p>\n<p>O l\u00edder do PR na C\u00e2mara, deputado Luciano Castro (RR), ponderou que o TSE ainda n\u00e3o tomou uma decis\u00e3o &#8211;portanto n\u00e3o v\u00ea motivos para que outros partidos comemorem. O PR \u00e9 um dos partidos que mais atraiu filiados nos \u00faltimos meses &#8211;come\u00e7ou a legislatura com 23 deputados e j\u00e1 tem 40.<\/p>\n<p>&#8220;Tudo vai continuar como est\u00e1. O TSE respondeu apenas a uma consulta administrativa&#8221;, afirmou. Castro admitiu, no entanto, que a interpreta\u00e7\u00e3o do tribunal pode inibir a ida de novos filiados para o PR. &#8220;Acho que sim, mas s\u00f3 no in\u00edcio. N\u00f3s n\u00e3o estamos promovendo um troca-troca partid\u00e1rio. As pessoas est\u00e3o vindo por op\u00e7\u00e3o. Quem quiser vir, o partido est\u00e1 aberto&#8221;, afirmou.<\/p>\n<p>O l\u00edder adiantou que o PR vai procurar o TSE na tentativa de reverter a decis\u00e3o do tribunal.<\/p>\n<p>A interpreta\u00e7\u00e3o do TSE estabelece a chamada fidelidade partid\u00e1ria nas elei\u00e7\u00f5es proporcionais (deputados estaduais, federais e vereadores) e tem por objetivo impedir a troca de partidos pol\u00edticos. O entendimento do tribunal foi em resposta \u00e0 consulta feita pelo pr\u00f3prio PFL sobre as mudan\u00e7as partid\u00e1rias.<\/p>\n","protected":false},"excerpt":{"rendered":"<p>Fonte:Folha Online A interpreta\u00e7\u00e3o do TSE (Tribunal Superior Eleitoral) de que os mandatos pertencem aos partidos, e n\u00e3o aos parlamentares, pode atingir 39 deputados que trocaram de legenda desde as \u00faltimas elei\u00e7\u00f5es. PFL, PPS e PDT j\u00e1 anteciparam que v\u00e3o recorrer \u00e0 Justi\u00e7a para reaver os cargos. Os tr\u00eas partidos entendem que, a partir da [&hellip;]<\/p>\n","protected":false},"author":1,"featured_media":0,"comment_status":"open","ping_status":"open","sticky":false,"template":"","format":"standard","meta":{"footnotes":""},"categories":[1],"tags":[],"class_list":["post-6910","post","type-post","status-publish","format-standard","hentry","category-noticias"],"acf":[],"_links":{"self":[{"href":"https:\/\/www.crea-mt.org.br\/portal\/wp-json\/wp\/v2\/posts\/6910","targetHints":{"allow":["GET"]}}],"collection":[{"href":"https:\/\/www.crea-mt.org.br\/portal\/wp-json\/wp\/v2\/posts"}],"about":[{"href":"https:\/\/www.crea-mt.org.br\/portal\/wp-json\/wp\/v2\/types\/post"}],"author":[{"embeddable":true,"href":"https:\/\/www.crea-mt.org.br\/portal\/wp-json\/wp\/v2\/users\/1"}],"replies":[{"embeddable":true,"href":"https:\/\/www.crea-mt.org.br\/portal\/wp-json\/wp\/v2\/comments?post=6910"}],"version-history":[{"count":0,"href":"https:\/\/www.crea-mt.org.br\/portal\/wp-json\/wp\/v2\/posts\/6910\/revisions"}],"wp:attachment":[{"href":"https:\/\/www.crea-mt.org.br\/portal\/wp-json\/wp\/v2\/media?parent=6910"}],"wp:term":[{"taxonomy":"category","embeddable":true,"href":"https:\/\/www.crea-mt.org.br\/portal\/wp-json\/wp\/v2\/categories?post=6910"},{"taxonomy":"post_tag","embeddable":true,"href":"https:\/\/www.crea-mt.org.br\/portal\/wp-json\/wp\/v2\/tags?post=6910"}],"curies":[{"name":"wp","href":"https:\/\/api.w.org\/{rel}","templated":true}]}}