{"id":6907,"date":"2007-03-28T00:00:00","date_gmt":"2007-03-28T03:00:00","guid":{"rendered":"https:\/\/crea-mt.org.br\/portal\/diminuicao-na-criacao-de-emprego-nao-surpreende\/"},"modified":"2007-03-28T00:00:00","modified_gmt":"2007-03-28T03:00:00","slug":"diminuicao-na-criacao-de-emprego-nao-surpreende","status":"publish","type":"post","link":"https:\/\/www.crea-mt.org.br\/portal\/diminuicao-na-criacao-de-emprego-nao-surpreende\/","title":{"rendered":"Diminui\u00e7\u00e3o na cria\u00e7\u00e3o de emprego n\u00e3o surpreende"},"content":{"rendered":"<p>Fonte:Bras\u00edlia\/AE<\/p>\n<p>O ministro do Trabalho e Emprego, Luiz Marinho, classifica como &#8220;bom e dentro das expectativas&#8221; do governo a cria\u00e7\u00e3o de 148,01 mil novos empregos formais pela economia em fevereiro, embora o n\u00famero tenha ficado 16,2% abaixo do saldo positivo gerado no mesmo m\u00eas do ano passado (176,63 mil). Os n\u00fameros, divulgados ontem s\u00e3o do Cadastro Geral de Empregados e Desempregados (Caged) do Minist\u00e9rio do Trabalho, que registra todas as demiss\u00f5es e admiss\u00f5es feitas pelas empresas que contratam pelas regras da Consolida\u00e7\u00e3o das Leis do Trabalho (CLT).<\/p>\n<p>&#8220;O resultado n\u00e3o nos surpreendeu&#8221;. Marinho diz que a redu\u00e7\u00e3o no ritmo de gera\u00e7\u00e3o de novos empregos com carteira assinada no m\u00eas pode ser explicada pelo fato de fevereiro de 2006 ter concentrado grande n\u00famero de &#8220;feiras e eventos tur\u00edsticos&#8221; em grandes cidades do Sul e Sudeste. &#8220;Somente em maio poderemos ter uma vis\u00e3o mais geral&#8221;.<\/p>\n<p>Todos os grandes setores da economia registraram mais contrata\u00e7\u00f5es do que demiss\u00f5es de trabalhadores, sendo que os servi\u00e7os geraram 62,8 mil novas vagas, a ind\u00fastria de transforma\u00e7\u00e3o ficou positiva em 30,8 mil novos postos e a agropecu\u00e1ria registrou 21,9 mil. No bimestre, o melhor desempenho dos tr\u00eas foi a ind\u00fastria, registrando o segundo melhor resultado para o per\u00edodo da s\u00e9rie do Caged, abaixo apenas do primeiro bimestre de 2004.<\/p>\n<p>Alguns setores que vinham com bom desempenho apresentaram redu\u00e7\u00e3o no ritmo de gera\u00e7\u00e3o de empregos, como a constru\u00e7\u00e3o civil. Em janeiro, as empresas desse setor criaram 11,7 mil novos empregos e em fevereiro foram apenas 5,5 mil.<\/p>\n","protected":false},"excerpt":{"rendered":"<p>Fonte:Bras\u00edlia\/AE O ministro do Trabalho e Emprego, Luiz Marinho, classifica como &#8220;bom e dentro das expectativas&#8221; do governo a cria\u00e7\u00e3o de 148,01 mil novos empregos formais pela economia em fevereiro, embora o n\u00famero tenha ficado 16,2% abaixo do saldo positivo gerado no mesmo m\u00eas do ano passado (176,63 mil). Os n\u00fameros, divulgados ontem s\u00e3o do [&hellip;]<\/p>\n","protected":false},"author":1,"featured_media":0,"comment_status":"open","ping_status":"open","sticky":false,"template":"","format":"standard","meta":{"footnotes":""},"categories":[1],"tags":[],"class_list":["post-6907","post","type-post","status-publish","format-standard","hentry","category-noticias"],"acf":[],"_links":{"self":[{"href":"https:\/\/www.crea-mt.org.br\/portal\/wp-json\/wp\/v2\/posts\/6907","targetHints":{"allow":["GET"]}}],"collection":[{"href":"https:\/\/www.crea-mt.org.br\/portal\/wp-json\/wp\/v2\/posts"}],"about":[{"href":"https:\/\/www.crea-mt.org.br\/portal\/wp-json\/wp\/v2\/types\/post"}],"author":[{"embeddable":true,"href":"https:\/\/www.crea-mt.org.br\/portal\/wp-json\/wp\/v2\/users\/1"}],"replies":[{"embeddable":true,"href":"https:\/\/www.crea-mt.org.br\/portal\/wp-json\/wp\/v2\/comments?post=6907"}],"version-history":[{"count":0,"href":"https:\/\/www.crea-mt.org.br\/portal\/wp-json\/wp\/v2\/posts\/6907\/revisions"}],"wp:attachment":[{"href":"https:\/\/www.crea-mt.org.br\/portal\/wp-json\/wp\/v2\/media?parent=6907"}],"wp:term":[{"taxonomy":"category","embeddable":true,"href":"https:\/\/www.crea-mt.org.br\/portal\/wp-json\/wp\/v2\/categories?post=6907"},{"taxonomy":"post_tag","embeddable":true,"href":"https:\/\/www.crea-mt.org.br\/portal\/wp-json\/wp\/v2\/tags?post=6907"}],"curies":[{"name":"wp","href":"https:\/\/api.w.org\/{rel}","templated":true}]}}