{"id":6905,"date":"2007-03-28T00:00:00","date_gmt":"2007-03-28T03:00:00","guid":{"rendered":"https:\/\/crea-mt.org.br\/portal\/crea-am-realiza-ciclo-de-palestras-na-construnorte\/"},"modified":"2007-03-28T00:00:00","modified_gmt":"2007-03-28T03:00:00","slug":"crea-am-realiza-ciclo-de-palestras-na-construnorte","status":"publish","type":"post","link":"https:\/\/www.crea-mt.org.br\/portal\/crea-am-realiza-ciclo-de-palestras-na-construnorte\/","title":{"rendered":"Crea-AM realiza ciclo de palestras na Construnorte"},"content":{"rendered":"<p>O Conselho Regional de Engenharia, Arquitetura e Agronomia do Amazonas (Crea-AM) estar\u00e1 mais uma vez na maior feira da constru\u00e7\u00e3o civil, a 9\u00aa Edi\u00e7\u00e3o da Construnorte. O regional montar\u00e1 um estande de 40 metros quadrados, no sal\u00e3o de exposi\u00e7\u00f5es, que funcionar\u00e1 do dia 29 de mar\u00e7o a 1\u00ba de abril, no Studio 5 Centro de Conven\u00e7\u00f5es, em Manaus. Os profissionais ter\u00e3o acesso a alguns servi\u00e7os no estande, tais como recadastramento, registro e informa\u00e7\u00f5es em geral.<\/p>\n<p>Paralelamente a isso, os profissionais da \u00e1rea, especialmente os da engenharia, arquitetura, t\u00e9cnicos e acad\u00eamicos, ter\u00e3o a oportunidade de participarem da 5\u00aa Edi\u00e7\u00e3o da Construnorte T\u00e9cnica &#8211; um ciclo de palestras, realizado pelo Crea-AM, que j\u00e1 \u00e9 tradi\u00e7\u00e3o neste per\u00edodo. As palestras v\u00e3o do dia 29 a 31 de mar\u00e7o, tendo in\u00edcio a partir das 18h. A inscri\u00e7\u00e3o pode ser feita atrav\u00e9s do site www.crea-am.org.br, clicando no banner &#8220;Construnorte T\u00e9cnica 2007&#8221;, ou no local. Cada inscrito deve levar dois quilos de alimento n\u00e3o-perec\u00edvel, que ser\u00e1 entregue a uma entidade filantr\u00f3pica, ainda em defini\u00e7\u00e3o.<\/p>\n<p>Este ano, os palestrantes convidados s\u00e3o: o engenheiro eletricista \u00canio Padilha, que trar\u00e1 o tema &#8220;Marketing para Engenharia, Arquitetura e Agronomia&#8221;; o engenheiro civil Marco Ant\u00f4nio Silveira, com a abordagem &#8220;Tr\u00e2nsito &#8211; uma quest\u00e3o de cidadania&#8221;, e Nelson Solano Vianna, que falar\u00e1 sobre &#8220;Conforto ambiental e a crise mundial de energia&#8221;.<\/p>\n<p>Mais de 40 mil pessoas s\u00e3o esperadas por dia na feira de exposi\u00e7\u00f5es, que este ano, ampliar\u00e1 os segmentos, reunindo em um s\u00f3 lugar as \u00e1reas que se relacionam com constru\u00e7\u00e3o, im\u00f3veis e decora\u00e7\u00e3o. Ser\u00e3o quatro dias de exposi\u00e7\u00e3o e feira, com interc\u00e2mbio entre fornecedores e compradores de produtos e servi\u00e7os.<\/p>\n<p>Veja a programa\u00e7\u00e3o do Ciclo de Palestras Construnorte T\u00e9cnica: <\/p>\n<p>29\/03<br \/>\nAbertura &#8211;  Presidente Crea-AM<br \/>\nEng.\u00b0 Civil Afonso Lins J\u00fanior<br \/>\nHor\u00e1rio: 18h<\/p>\n<p>Arqt.\u00aa Marta de Albuquerque Kimura<br \/>\nPalestra: Forros modulares de fibra mineral<br \/>\nHor\u00e1rio: 18h30 <\/p>\n<p>Eng.\u00b0 Eletricista \u00canio Padilha<br \/>\nPalestra: Marketing para Engenharia, Arquitetura e Agronomia<br \/>\nHor\u00e1rio: 19h<br \/>\n\u00canio Padilha \u00e9 engenheiro, escritor (autor dos livros: &#8220;Marketing para Engenharia, Arquitetura e Agronomia&#8221;,  &#8220;Marketing Pessoal e Imagem P\u00fablica&#8221;, &#8220;3 Minutos de Marketing&#8221; e &#8221; Os Pecados de Marketing na Engenharia e Arquitetura&#8221;). Mant\u00e9m um site: www.eniopadilha.com.br, publica semanalmente o Boletim Informativo &#8220;3 Minutos de Marketing&#8221;. Apresenta cursos e palestras para profissionais e empresas de Engenharia, Arquitetura e Agronomia. Seus cursos e palestras tiveram a participa\u00e7\u00e3o de mais de 14 mil profissionais de todos os 26 Estados brasileiros, al\u00e9m de quatro palestras apresentadas em Lisboa, Coimbra e Porto (Portugal). <\/p>\n<p>Coffee-break<br \/>\nHor\u00e1rio: 20h30 <\/p>\n<p>30\/03<br \/>\nEng.\u00b0 Francisco Abamonte Neto<br \/>\nPalestra: Sustentabilidade (Divis\u00f3rias)<br \/>\nHor\u00e1rio: 18h30 <\/p>\n<p>Eng.\u00b0 Civil Marco Ant\u00f4nio Silveira<br \/>\nPalestra: Tr\u00e2nsito &#8211; Uma quest\u00e3o de cidadania<br \/>\nHor\u00e1rio: 19h<br \/>\nSilveira \u00e9 engenheiro civil, com \u00eanfase em Transportes, pela Universidade Federal de Minas Gerais (UFMG); extens\u00e3o em Engenharia de Tr\u00e1fego aplicada \u00e0 Opera\u00e7\u00e3o do Sistema Vi\u00e1rio (UFMG);  especializa\u00e7\u00e3o em tr\u00e2nsito para Oficiais, pela Pol\u00edcia Militar de Minas Gerais; Superintendente do Instituto Municipal de Tr\u00e2nsito (Imtrans), ex-superintendente de Tr\u00e2nsito da Secretaria Municipal de Tr\u00e2nsito e Infra-estrutura (MG). <\/p>\n<p>Coffee-Break<br \/>\nHor\u00e1rio: 20h30 <\/p>\n<p>31\/03<br \/>\nEng.\u00aa Kelley Sanchez<br \/>\nPalestra: Pisos Vin\u00edlicos &#8211; Uma solu\u00e7\u00e3o para cada projeto<br \/>\nHor\u00e1rio: 18h30 <\/p>\n<p>Arqt.\u00b0 Nelson Solano Vianna<br \/>\nPalestra: Conforto Ambiental e a Crise Mundial de Energia<br \/>\nHor\u00e1rio: 19h00<br \/>\nVianna \u00e9 arquiteto e mestre em arquitetura pela Universidade de S\u00e3o Paulo (USP); doutorando pela mesma institui\u00e7\u00e3o, consultor aut\u00f4nomo na \u00e1rea de Conforto Ambiental desde 1979; professor e ex-secret\u00e1rio executivo do Curso de Especializa\u00e7\u00e3o em Conforto Ambiental e Conserva\u00e7\u00e3o de Energia (CECACE) da USP; professor da USP; da Universidade Federal de Santa Catarina e em v\u00e1rias universidades privadas; pesquisador da NUTAU-USP; bolsista-arquiteto do Minist\u00e9rio das Rela\u00e7\u00f5es Exteriores da It\u00e1lia junto ao Instituto do Ambiente Constru\u00eddo da Faculdade de Arquitetura do Polit\u00e9cnico de Turim. <\/p>\n<p>Encerramento &#8211; Presidente Crea-AM<br \/>\nEng.\u00b0 Civil Afonso Lins J\u00fanior<br \/>\nHor\u00e1rio: 20h30<\/p>\n<p>Coffee-Break<br \/>\nHor\u00e1rio: 20h30<\/p>\n<p>Fonte: Crea-AM<\/p>\n","protected":false},"excerpt":{"rendered":"<p>O Conselho Regional de Engenharia, Arquitetura e Agronomia do Amazonas (Crea-AM) estar\u00e1 mais uma vez na maior feira da constru\u00e7\u00e3o civil, a 9\u00aa Edi\u00e7\u00e3o da Construnorte. O regional montar\u00e1 um estande de 40 metros quadrados, no sal\u00e3o de exposi\u00e7\u00f5es, que funcionar\u00e1 do dia 29 de mar\u00e7o a 1\u00ba de abril, no Studio 5 Centro de [&hellip;]<\/p>\n","protected":false},"author":1,"featured_media":0,"comment_status":"open","ping_status":"open","sticky":false,"template":"","format":"standard","meta":{"footnotes":""},"categories":[1],"tags":[],"class_list":["post-6905","post","type-post","status-publish","format-standard","hentry","category-noticias"],"acf":[],"_links":{"self":[{"href":"https:\/\/www.crea-mt.org.br\/portal\/wp-json\/wp\/v2\/posts\/6905","targetHints":{"allow":["GET"]}}],"collection":[{"href":"https:\/\/www.crea-mt.org.br\/portal\/wp-json\/wp\/v2\/posts"}],"about":[{"href":"https:\/\/www.crea-mt.org.br\/portal\/wp-json\/wp\/v2\/types\/post"}],"author":[{"embeddable":true,"href":"https:\/\/www.crea-mt.org.br\/portal\/wp-json\/wp\/v2\/users\/1"}],"replies":[{"embeddable":true,"href":"https:\/\/www.crea-mt.org.br\/portal\/wp-json\/wp\/v2\/comments?post=6905"}],"version-history":[{"count":0,"href":"https:\/\/www.crea-mt.org.br\/portal\/wp-json\/wp\/v2\/posts\/6905\/revisions"}],"wp:attachment":[{"href":"https:\/\/www.crea-mt.org.br\/portal\/wp-json\/wp\/v2\/media?parent=6905"}],"wp:term":[{"taxonomy":"category","embeddable":true,"href":"https:\/\/www.crea-mt.org.br\/portal\/wp-json\/wp\/v2\/categories?post=6905"},{"taxonomy":"post_tag","embeddable":true,"href":"https:\/\/www.crea-mt.org.br\/portal\/wp-json\/wp\/v2\/tags?post=6905"}],"curies":[{"name":"wp","href":"https:\/\/api.w.org\/{rel}","templated":true}]}}