{"id":6904,"date":"2007-03-28T00:00:00","date_gmt":"2007-03-28T03:00:00","guid":{"rendered":"https:\/\/crea-mt.org.br\/portal\/crea-am-e-citado-em-discurso-no-congresso-nacional\/"},"modified":"2007-03-28T00:00:00","modified_gmt":"2007-03-28T03:00:00","slug":"crea-am-e-citado-em-discurso-no-congresso-nacional","status":"publish","type":"post","link":"https:\/\/www.crea-mt.org.br\/portal\/crea-am-e-citado-em-discurso-no-congresso-nacional\/","title":{"rendered":"Crea-AM \u00e9 citado em discurso no Congresso Nacional"},"content":{"rendered":"<p>O l\u00edder do PSDB no Senado, Arthur Virg\u00edlio (AM), fez men\u00e7\u00e3o em seu pronunciamento do dia 20 de mar\u00e7o, no Congresso Nacional, da visita que recebeu do presidente do Crea-AM, Afonso Lins J\u00fanior e do conselheiro Arthur Henrique de Mello Braga, dentre os conselheiros regionais e federal. Em discurso, o senador garantiu dar total apoio \u00e0 aprova\u00e7\u00e3o de projetos de lei de interesse da categoria profissional que estejam em tramita\u00e7\u00e3o no Congresso Nacional. <\/p>\n<p>Da lista de proposi\u00e7\u00f5es elaborada pelo Confea, constam a que institui representa\u00e7\u00e3o federativa no Plen\u00e1rio do Conselho; a que tipifica como crime o exerc\u00edcio ilegal da engenharia, arquitetura e agronomia; a que garante \u00e0 popula\u00e7\u00e3o de baixa renda assist\u00eancia t\u00e9cnica gratuita para a elabora\u00e7\u00e3o de projetos e constru\u00e7\u00e3o de moradias; e a que altera a Lei de Licita\u00e7\u00f5es.<\/p>\n<p>Fonte:Crea-AM<\/p>\n","protected":false},"excerpt":{"rendered":"<p>O l\u00edder do PSDB no Senado, Arthur Virg\u00edlio (AM), fez men\u00e7\u00e3o em seu pronunciamento do dia 20 de mar\u00e7o, no Congresso Nacional, da visita que recebeu do presidente do Crea-AM, Afonso Lins J\u00fanior e do conselheiro Arthur Henrique de Mello Braga, dentre os conselheiros regionais e federal. Em discurso, o senador garantiu dar total apoio [&hellip;]<\/p>\n","protected":false},"author":1,"featured_media":0,"comment_status":"open","ping_status":"open","sticky":false,"template":"","format":"standard","meta":{"footnotes":""},"categories":[1],"tags":[],"class_list":["post-6904","post","type-post","status-publish","format-standard","hentry","category-noticias"],"acf":[],"_links":{"self":[{"href":"https:\/\/www.crea-mt.org.br\/portal\/wp-json\/wp\/v2\/posts\/6904","targetHints":{"allow":["GET"]}}],"collection":[{"href":"https:\/\/www.crea-mt.org.br\/portal\/wp-json\/wp\/v2\/posts"}],"about":[{"href":"https:\/\/www.crea-mt.org.br\/portal\/wp-json\/wp\/v2\/types\/post"}],"author":[{"embeddable":true,"href":"https:\/\/www.crea-mt.org.br\/portal\/wp-json\/wp\/v2\/users\/1"}],"replies":[{"embeddable":true,"href":"https:\/\/www.crea-mt.org.br\/portal\/wp-json\/wp\/v2\/comments?post=6904"}],"version-history":[{"count":0,"href":"https:\/\/www.crea-mt.org.br\/portal\/wp-json\/wp\/v2\/posts\/6904\/revisions"}],"wp:attachment":[{"href":"https:\/\/www.crea-mt.org.br\/portal\/wp-json\/wp\/v2\/media?parent=6904"}],"wp:term":[{"taxonomy":"category","embeddable":true,"href":"https:\/\/www.crea-mt.org.br\/portal\/wp-json\/wp\/v2\/categories?post=6904"},{"taxonomy":"post_tag","embeddable":true,"href":"https:\/\/www.crea-mt.org.br\/portal\/wp-json\/wp\/v2\/tags?post=6904"}],"curies":[{"name":"wp","href":"https:\/\/api.w.org\/{rel}","templated":true}]}}