{"id":6903,"date":"2007-03-28T00:00:00","date_gmt":"2007-03-28T03:00:00","guid":{"rendered":"https:\/\/crea-mt.org.br\/portal\/cursos-de-engenharia-realizam-congresso-na-area-de-ciencia-e-tecnologia\/"},"modified":"2007-03-28T00:00:00","modified_gmt":"2007-03-28T03:00:00","slug":"cursos-de-engenharia-realizam-congresso-na-area-de-ciencia-e-tecnologia","status":"publish","type":"post","link":"https:\/\/www.crea-mt.org.br\/portal\/cursos-de-engenharia-realizam-congresso-na-area-de-ciencia-e-tecnologia\/","title":{"rendered":"Cursos de Engenharia realizam congresso na \u00e1rea de Ci\u00eancia e Tecnologia"},"content":{"rendered":"<p>A Universidade Federal de Alagoas est\u00e1 com inscri\u00e7\u00f5es abertas at\u00e9 o dia 16 de abril para I Congresso de Ci\u00eancia e Tecnologia na Engenharia, destinado a alunos e pesquisadores da \u00e1rea tecnol\u00f3gica do Estado. O evento acontece no dia 25 de maio e \u00e9 um projeto de extens\u00e3o que consiste na divulga\u00e7\u00e3o cient\u00edfica dos trabalhos. O projeto tem promo\u00e7\u00e3o do Programa Especial de Capacita\u00e7\u00e3o Discente e dos colegiados dos cursos de Engenharias Civil, Qu\u00edmica e Ambiental. <\/p>\n<p>O congresso ser\u00e1 hospedado no Centro de Tecnologia (CTEC) e consta da programa\u00e7\u00e3o apresenta\u00e7\u00e3o de pesquisas nas \u00e1reas de Engenharia Ambiente, Qu\u00edmica, de Estrutura, Costeira, Mar\u00edtima, M\u00e9todos Num\u00e9ricos para Engenharia, Saneamento, Gest\u00e3o de Recursos Naturais e Conserva\u00e7\u00e3o da Natureza, Computa\u00e7\u00e3o Paralela, dentre outras. <\/p>\n<p>O Centro de Tecnologia da Ufal, atualmente, conta com 120 bolsistas de Inicia\u00e7\u00e3o Cient\u00edfica, distribu\u00eddos entre os cursos de Engenharia Civil (85), Engenharia Qu\u00edmica (30) e Engenharia Ambiental (5). O congresso n\u00e3o s\u00f3 oportuniza a divulga\u00e7\u00e3o da produ\u00e7\u00e3o cient\u00edfica visando o interc\u00e2mbio entre pesquisadores com o objetivo de fomentar a interdisciplinaridade, como tamb\u00e9m apresentar\u00e1 \u00e0 sociedade alagoana os mais recentes trabalhos em desenvolvimento realizados na \u00e1rea tecnol\u00f3gica da universidade. <\/p>\n<p>O I Congresso de Ci\u00eancia e Tecnologia \u00e9 patrocinado pelo Laborat\u00f3rio de Computa\u00e7\u00e3o Cient\u00edfica e Visualiza\u00e7\u00e3o (LCCV), pelo N\u00facleo de Pesquisas Tecnol\u00f3gicas (NPT), do CTEC, e pela Gama Engenharia de Recursos H\u00eddricos Ltda. (Gama). Conta ainda, com o apoio da Pr\u00f3-reitoria de Extens\u00e3o (Proex) e do N\u00facleo de Processamento de Dados da Ufal. As inscri\u00e7\u00f5es podem ser feitas no portal do congresso, o link se encontra no site: www.ctec.ufal.br\/pec\/engcivil e os interessados podem optar pelas modalidades de ouvinte, com acesso a todas as palestras, e de participante, tendo este, direito de se integrar a um projeto a ser anexado no ato da inscri\u00e7\u00e3o. A inscri\u00e7\u00e3o tem o valor de R$ 5,00 e o comprovante deve ser impresso e pago, em at\u00e9 tr\u00eas dias \u00fateis antes da realiza\u00e7\u00e3o do evento, na secretaria do CTEC &#8211; Campus A . C. Sim\u00f5es -Tabuleiro do Martins. <\/p>\n<p>Fonte: Ascom Ufal<\/p>\n","protected":false},"excerpt":{"rendered":"<p>A Universidade Federal de Alagoas est\u00e1 com inscri\u00e7\u00f5es abertas at\u00e9 o dia 16 de abril para I Congresso de Ci\u00eancia e Tecnologia na Engenharia, destinado a alunos e pesquisadores da \u00e1rea tecnol\u00f3gica do Estado. O evento acontece no dia 25 de maio e \u00e9 um projeto de extens\u00e3o que consiste na divulga\u00e7\u00e3o cient\u00edfica dos trabalhos. [&hellip;]<\/p>\n","protected":false},"author":1,"featured_media":0,"comment_status":"open","ping_status":"open","sticky":false,"template":"","format":"standard","meta":{"footnotes":""},"categories":[1],"tags":[],"class_list":["post-6903","post","type-post","status-publish","format-standard","hentry","category-noticias"],"acf":[],"_links":{"self":[{"href":"https:\/\/www.crea-mt.org.br\/portal\/wp-json\/wp\/v2\/posts\/6903","targetHints":{"allow":["GET"]}}],"collection":[{"href":"https:\/\/www.crea-mt.org.br\/portal\/wp-json\/wp\/v2\/posts"}],"about":[{"href":"https:\/\/www.crea-mt.org.br\/portal\/wp-json\/wp\/v2\/types\/post"}],"author":[{"embeddable":true,"href":"https:\/\/www.crea-mt.org.br\/portal\/wp-json\/wp\/v2\/users\/1"}],"replies":[{"embeddable":true,"href":"https:\/\/www.crea-mt.org.br\/portal\/wp-json\/wp\/v2\/comments?post=6903"}],"version-history":[{"count":0,"href":"https:\/\/www.crea-mt.org.br\/portal\/wp-json\/wp\/v2\/posts\/6903\/revisions"}],"wp:attachment":[{"href":"https:\/\/www.crea-mt.org.br\/portal\/wp-json\/wp\/v2\/media?parent=6903"}],"wp:term":[{"taxonomy":"category","embeddable":true,"href":"https:\/\/www.crea-mt.org.br\/portal\/wp-json\/wp\/v2\/categories?post=6903"},{"taxonomy":"post_tag","embeddable":true,"href":"https:\/\/www.crea-mt.org.br\/portal\/wp-json\/wp\/v2\/tags?post=6903"}],"curies":[{"name":"wp","href":"https:\/\/api.w.org\/{rel}","templated":true}]}}