{"id":6901,"date":"2007-03-28T00:00:00","date_gmt":"2007-03-28T03:00:00","guid":{"rendered":"https:\/\/crea-mt.org.br\/portal\/detentor-da-medalha-do-merito-do-confea-lanca-livro\/"},"modified":"2007-03-28T00:00:00","modified_gmt":"2007-03-28T03:00:00","slug":"detentor-da-medalha-do-merito-do-confea-lanca-livro","status":"publish","type":"post","link":"https:\/\/www.crea-mt.org.br\/portal\/detentor-da-medalha-do-merito-do-confea-lanca-livro\/","title":{"rendered":"Detentor da &#8220;Medalha do M\u00e9rito&#8221; do Confea lan\u00e7a livro"},"content":{"rendered":"<p>Durante quase trinta anos, o engenheiro eletricista Aelfo Marques Luna ministrou a disciplina &#8220;Materiais El\u00e9tricos&#8221; no curso de engenharia el\u00e9trica da Universidade Federal de Pernambuco-UFPE. A partir dessa experi\u00eancia, o professor escreveu o livro Materiais de Engenharia El\u00e9trica (Volume I &#8211; Revis\u00e3o das Propriedades dos Materiais &#8211; Estudo dos Diel\u00e9tricos), com patroc\u00ednio da Companhia Hidro El\u00e9trica do S\u00e3o Francisco (CHESF). O livro \u00e9 t\u00e9cnico e did\u00e1tico, direcionado a engenheiros e estudantes de engenharia el\u00e9trica e t\u00e9cnicos industriais de n\u00edvel m\u00e9dio.<\/p>\n<p>Neste primeiro volume \u00e9 abordado o estudo dos materiais diel\u00e9tricos. Na primeira parte do livro, \u00e9 feita uma revis\u00e3o das principais propriedades dos materiais (mec\u00e2nicas, t\u00e9rmicas, el\u00e9tricas, magn\u00e9ticas, \u00f3ticas e qu\u00edmicas). A seguir, Luna trata dos diel\u00e9tricos gasosos, com \u00eanfase ao estudo do efeito Corona, das descargas parciais e do g\u00e1s SF6. Em seguida, s\u00e3o abordados os diel\u00e9tricos l\u00edquidos, destacando os \u00f3leos minerais, suas propriedades, aplica\u00e7\u00f5es, ensaios laboratoriais, bem como l\u00edquidos isolantes sint\u00e9ticos. Por fim, s\u00e3o estudados os diel\u00e9tricos s\u00f3lidos, sendo feita uma abordagem mais detalhada sobre os isoladores el\u00e9tricos usados em linhas de transmiss\u00e3o. <\/p>\n<p>No segundo volume, a ser brevemente editado, ser\u00e3o estudados os materiais condutores, semicondutores e magn\u00e9ticos. <\/p>\n<p>Aelfo Marques Luna recebeu &#8220;Medalha do M\u00e9rito&#8221; do Confea em 2003.<\/p>\n<p>Fonte:Confea<\/p>\n","protected":false},"excerpt":{"rendered":"<p>Durante quase trinta anos, o engenheiro eletricista Aelfo Marques Luna ministrou a disciplina &#8220;Materiais El\u00e9tricos&#8221; no curso de engenharia el\u00e9trica da Universidade Federal de Pernambuco-UFPE. A partir dessa experi\u00eancia, o professor escreveu o livro Materiais de Engenharia El\u00e9trica (Volume I &#8211; Revis\u00e3o das Propriedades dos Materiais &#8211; Estudo dos Diel\u00e9tricos), com patroc\u00ednio da Companhia Hidro [&hellip;]<\/p>\n","protected":false},"author":1,"featured_media":0,"comment_status":"open","ping_status":"open","sticky":false,"template":"","format":"standard","meta":{"footnotes":""},"categories":[1],"tags":[],"class_list":["post-6901","post","type-post","status-publish","format-standard","hentry","category-noticias"],"acf":[],"_links":{"self":[{"href":"https:\/\/www.crea-mt.org.br\/portal\/wp-json\/wp\/v2\/posts\/6901","targetHints":{"allow":["GET"]}}],"collection":[{"href":"https:\/\/www.crea-mt.org.br\/portal\/wp-json\/wp\/v2\/posts"}],"about":[{"href":"https:\/\/www.crea-mt.org.br\/portal\/wp-json\/wp\/v2\/types\/post"}],"author":[{"embeddable":true,"href":"https:\/\/www.crea-mt.org.br\/portal\/wp-json\/wp\/v2\/users\/1"}],"replies":[{"embeddable":true,"href":"https:\/\/www.crea-mt.org.br\/portal\/wp-json\/wp\/v2\/comments?post=6901"}],"version-history":[{"count":0,"href":"https:\/\/www.crea-mt.org.br\/portal\/wp-json\/wp\/v2\/posts\/6901\/revisions"}],"wp:attachment":[{"href":"https:\/\/www.crea-mt.org.br\/portal\/wp-json\/wp\/v2\/media?parent=6901"}],"wp:term":[{"taxonomy":"category","embeddable":true,"href":"https:\/\/www.crea-mt.org.br\/portal\/wp-json\/wp\/v2\/categories?post=6901"},{"taxonomy":"post_tag","embeddable":true,"href":"https:\/\/www.crea-mt.org.br\/portal\/wp-json\/wp\/v2\/tags?post=6901"}],"curies":[{"name":"wp","href":"https:\/\/api.w.org\/{rel}","templated":true}]}}